{"id":116,"date":"2012-02-27T16:55:49","date_gmt":"2012-02-27T15:55:49","guid":{"rendered":"http:\/\/wp.aafv.de\/?p=116"},"modified":"2012-02-27T16:55:49","modified_gmt":"2012-02-27T15:55:49","slug":"joker","status":"publish","type":"post","link":"https:\/\/soziale-arbeit-mittelmark.de\/archiv\/2012\/02\/27\/joker\/","title":{"rendered":"Projekt JOKER"},"content":{"rendered":"<p>\t\t\t\t&nbsp;<\/p>\n<p><span style=\"color: #888888;\"><span style=\"font-size: 14pt;\"><span style=\"color: #0000ff;\"><span style=\"color: #000000;\"><strong>EU-Projekt \u201eSt\u00e4rken st\u00e4rken &#8211; f\u00fcr einen starken Schlaatz\u201c<br \/>\n<\/strong><\/span><\/span><\/span><\/span><span style=\"line-height: 115%;\"><span style=\"color: #666699;\"><br \/>\n<span style=\"color: #000000;\">Projektnummer: 1290327<\/span><\/span><\/span><\/p>\n<p><span style=\"color: #000000;\">Infoblatt deutsch<\/span><span style=\"color: #000000;\">\u00a0| <\/span><span style=\"color: #000000;\">Infoblatt russisch<\/span><\/p>\n<p>&nbsp;<\/p>\n<h2 style=\"text-align: center; padding-left: 30px;\"><span style=\"font-family: verdana,geneva;\"><span style=\"font-size: 36pt;\"><span style=\"font-family: times new roman,times;\"><span style=\"color: #ff0000;\">J<\/span><\/span><\/span><span style=\"color: #3366ff;\"><span style=\"font-size: 18pt;\">OKER<\/span><\/span><\/span><\/h2>\n<h2 style=\"text-align: center; padding-left: 30px;\"><span style=\"color: #000000;\"><span style=\"color: #666699;\"><span style=\"color: #3366ff;\">Jo<\/span><span style=\"color: #000000;\">b-<\/span><span style=\"color: #3366ff;\">K<\/span><span style=\"color: #000000;\">ompetenzen<\/span> <span style=\"color: #3366ff;\">er<\/span><span style=\"color: #000000;\">mitteln \/<\/span> <span style=\"color: #3366ff;\">er<\/span><span style=\"color: #000000;\">weitern \/<\/span> <span style=\"color: #3366ff;\">er<\/span><span style=\"color: #000000;\">werben<\/span><\/span><\/span><\/h2>\n<h4 style=\"text-align: center; padding-left: 30px;\"><span style=\"color: #000000;\">Projektlaufzeit: 1. Januar 2012 bis 31. Dezember 2013\u00a0<\/span><span style=\"color: #000000;\">\u00a0<\/span><\/h4>\n<p><span style=\"color: #000000;\">Ziel dieses EU-Projektes ist es, im Potsdamer Stadtteil Am Schlaatz wohnende Langzeitarbeitslose zwischen 18 und 55+, insbesondere MigrantInnen, arbeits- bzw. ausbildungssuchende junge Menschen unter 25, Alleinerziehende und \u00c4ltere \u00fcber 50 auf freiwilliger Basis sehr individuell zu betreuen, bedarfsgerecht zu f\u00f6rdern und f\u00fcr den 1. Arbeitsmarkt vorzubereiten, wobei der Fokus auf Lebens- und Berufsplanung sowie Kompetenzentwicklung gelegt wird.<\/span><\/p>\n<p><span style=\"color: #000000;\">Durch individuelle Einzelfallberatung, ein spezifisches Job-Trainings-Programm, die ProfilPASS<sup>\u00ae<\/sup>-Kompetenzermittlung sowie Praktika in Wirtschafts- und Sozialunternehmen werden die Chancen der Projektteilnehmer\u00a0auf den Wiedereinstieg in die Erwerbsarbeit deutlich erh\u00f6ht.\u00a0<\/span><\/p>\n<p><span style=\"color: #000000;\">Daneben wird gezielt\u00a0zu b\u00fcrgerschaftlichen Aktivit\u00e4ten im Wohnumfeld\/Sozialraum Schlaatz angeregt und\u00a0Unterst\u00fctzung bei der Suche nach ehrenamtlicher T\u00e4tigkeit geboten.<\/span><\/p>\n<p><strong><span style=\"color: #3366ff;\">1. <strong><span style=\"font-size: 18pt;\"><span style=\"color: #ff0000;\"><span style=\"font-family: times new roman,times;\">J<\/span><\/span><\/span><\/strong><strong><span style=\"font-size: 8pt;\">OKER<\/span>&#8211;<\/strong>Ideentag im B\u00fcrgerhaus am Schlaatz<\/span><\/strong><\/p>\n<p><span style=\"color: #000000;\">In unserem Projekt \u201eSt\u00e4rken st\u00e4rken \u2013 f\u00fcr einen starken Schlaatz\u201c haben wir erste Erfahrungen gesammelt. Um das Projekt auch weiterhin erfolgreich zu gestalten, sind wir bestrebt, neue innovative Ans\u00e4tze in unsere Arbeit einzubringen. Deshalb hatten wir f\u00fcr den 24. August 2012 zum 1. JOKER-Ideentag ins B\u00fcrgerhaus am Schlaatz eingeladen. Gemeinsam mit unseren Projektpartnern, Akteuren im Kiez und Teilnehmern lie\u00dfen wir Ideen sprudeln, wie\u00a0die vielf\u00e4ltigen Kompetenzen geb\u00fcndelt und von m\u00f6glichst vielen Projektteilnehmern genutzt\u00a0werden k\u00f6nnen.<\/span><\/p>\n<p><span style=\"color: #3366ff;\"><strong>Aktueller Seminarzyklus: Im Team zum Erfolg II<\/strong><\/span><\/p>\n<div><span style=\"color: #000000;\">Am 5. M\u00e4rz 2013 beginnt unter dem bew\u00e4hrten Motto \u201eIm Team zum Erfolg\u201c\u00a0ein neuer Seminarzyklus.<\/span><\/div>\n<p><span style=\"color: #000000;\">Der Einstieg in laufende Seminarzyklen ist jederzeit m\u00f6glich.<\/span><\/p>\n<p><strong><span style=\"color: #3366ff;\">Die n\u00e4chsten\u00a0Seminarangebote in unseren Projektr\u00e4umen finden Sie hier.<\/span><\/strong><\/p>\n<p><span style=\"color: #000000;\"><strong><span style=\"color: #3366ff;\">PC-Lernstudio in unseren Projektr\u00e4umen<\/span><\/strong> *<\/span><\/p>\n<p><span style=\"color: #000000;\">Individuell lernen: Einzelunterricht oder Minigruppe bis zu\u00a0drei Personen \u2013 mit Lernbegleitung<\/span><\/p>\n<p><span style=\"color: #000000;\">* Nur f\u00fcr Projektteilnehmer. Um Anmeldung wird gebeten!<\/span>\u00a0<span style=\"color: #000000;\">\u00a0<\/span><\/p>\n<p><span style=\"color: #000000;\"><strong><span style=\"color: #3366ff;\">Treff\u00a0im B\u00fcrgerhaus am Schlaatz, Schilfhof 28<\/span><\/strong><\/span><\/p>\n<p><span style=\"color: #000000;\">jeweils dienstags von 9.00 bis 11.00 Uhr<\/span><\/p>\n<p><span style=\"color: #000000;\">Gerne k\u00f6nnen Sie\u00a0auch individuelle Beratungstermine in unseren Projektr\u00e4umen vereinbaren.<\/span><\/p>\n<div><span style=\"color: #000000;\"><span style=\"color: #3366ff;\"><strong>Wir wollen\u00a0Ihr<\/strong>\u00a0<\/span><\/span><span style=\"color: #000000;\"><strong><span style=\"font-size: 18pt;\"><span style=\"font-family: times new roman,times;\"><span style=\"color: #ff0000;\">J<\/span><\/span><\/span><span style=\"color: #3366ff;\"><span style=\"font-size: 8pt;\">OKER<\/span><\/span> <span style=\"color: #3366ff;\">im Schlaatz sein<\/span><\/strong><\/span><\/div>\n<div><span style=\"color: #000000;\">\u00a0<\/span><\/div>\n<div><span style=\"color: #000000;\">Projektleiterin Re<\/span><span style=\"color: #000000;\">gina Merker<\/span><\/div>\n<div><span style=\"color: #000000;\">Mobil: 0163\u00a03887 103<\/span><\/div>\n<div><span style=\"color: #000000;\">\u00a0<\/span><\/div>\n<div><span style=\"color: #000000;\">Projektmitarbeiter Burkhard Mader<br \/>\nMobil: 0163\u00a03887 114<\/span><\/div>\n<div><span style=\"color: #000000;\">\u00a0<\/span><\/div>\n<div><span style=\"color: #000000;\">Unsere Projektr\u00e4ume:\u00a0Zum Jagenstein 3, 14478 Potsdam, Zimmer 309\/310<\/span><\/div>\n<div><span style=\"color: #000000;\">\u00a0<\/span><\/div>\n<div><span style=\"color: #000000;\">\u00a0<\/span><\/div>\n<div><span style=\"color: #000000;\">E-Mail: <\/span><a href=\"mailto:joker-schlaatz@aafv.de\"><span style=\"color: #000000;\">joker-schlaatz@aafv.de<\/span><\/a><\/div>\n<p>&nbsp;<\/p>\n<p>&nbsp;\t\t<\/p>\n","protected":false},"excerpt":{"rendered":"<p>&nbsp; EU-Projekt \u201eSt\u00e4rken st\u00e4rken &#8211; f\u00fcr einen starken Schlaatz\u201c Projektnummer: 1290327 Infoblatt deutsch\u00a0| Infoblatt russisch &nbsp; JOKER Job-Kompetenzen ermitteln \/ erweitern \/ erwerben Projektlaufzeit: 1. Januar 2012 bis 31. Dezember 2013\u00a0\u00a0 Ziel dieses EU-Projektes ist es, im Potsdamer Stadtteil Am Schlaatz wohnende Langzeitarbeitslose zwischen 18 und 55+, insbesondere MigrantInnen, arbeits- bzw. ausbildungssuchende junge Menschen unter [&hellip;]<\/p>\n","protected":false},"author":2,"featured_media":0,"comment_status":"open","ping_status":"open","sticky":false,"template":"","format":"standard","meta":{"_et_pb_use_builder":"","_et_pb_old_content":"","_et_gb_content_width":""},"categories":[2],"tags":[],"yoast_head":"<!-- This site is optimized with the Yoast SEO plugin v19.14 - https:\/\/yoast.com\/wordpress\/plugins\/seo\/ -->\n<title>Projekt JOKER - Archiv Soziale Arbeit Mittelmark<\/title>\n<meta name=\"robots\" content=\"index, follow, max-snippet:-1, max-image-preview:large, max-video-preview:-1\" \/>\n<link rel=\"canonical\" href=\"https:\/\/soziale-arbeit-mittelmark.de\/archiv\/2012\/02\/27\/joker\/\" \/>\n<meta property=\"og:locale\" content=\"de_DE\" \/>\n<meta property=\"og:type\" content=\"article\" \/>\n<meta property=\"og:title\" content=\"Projekt JOKER - Archiv Soziale Arbeit Mittelmark\" \/>\n<meta property=\"og:description\" content=\"&nbsp; EU-Projekt \u201eSt\u00e4rken st\u00e4rken &#8211; f\u00fcr einen starken Schlaatz\u201c Projektnummer: 1290327 Infoblatt deutsch\u00a0| Infoblatt russisch &nbsp; JOKER Job-Kompetenzen ermitteln \/ erweitern \/ erwerben Projektlaufzeit: 1. Januar 2012 bis 31. Dezember 2013\u00a0\u00a0 Ziel dieses EU-Projektes ist es, im Potsdamer Stadtteil Am Schlaatz wohnende Langzeitarbeitslose zwischen 18 und 55+, insbesondere MigrantInnen, arbeits- bzw. ausbildungssuchende junge Menschen unter [&hellip;]\" \/>\n<meta property=\"og:url\" content=\"https:\/\/soziale-arbeit-mittelmark.de\/archiv\/2012\/02\/27\/joker\/\" \/>\n<meta property=\"og:site_name\" content=\"Archiv Soziale Arbeit Mittelmark\" \/>\n<meta property=\"article:published_time\" content=\"2012-02-27T15:55:49+00:00\" \/>\n<meta name=\"author\" content=\"Admin\" \/>\n<meta name=\"twitter:card\" content=\"summary_large_image\" \/>\n<meta name=\"twitter:label1\" content=\"Verfasst von\" \/>\n\t<meta name=\"twitter:data1\" content=\"Admin\" \/>\n\t<meta name=\"twitter:label2\" content=\"Gesch\u00e4tzte Lesezeit\" \/>\n\t<meta name=\"twitter:data2\" content=\"2\u00a0Minuten\" \/>\n<script type=\"application\/ld+json\" class=\"yoast-schema-graph\">{\"@context\":\"https:\/\/schema.org\",\"@graph\":[{\"@type\":\"WebPage\",\"@id\":\"https:\/\/soziale-arbeit-mittelmark.de\/archiv\/2012\/02\/27\/joker\/\",\"url\":\"https:\/\/soziale-arbeit-mittelmark.de\/archiv\/2012\/02\/27\/joker\/\",\"name\":\"Projekt JOKER - Archiv Soziale Arbeit Mittelmark\",\"isPartOf\":{\"@id\":\"https:\/\/soziale-arbeit-mittelmark.de\/archiv\/#website\"},\"datePublished\":\"2012-02-27T15:55:49+00:00\",\"dateModified\":\"2012-02-27T15:55:49+00:00\",\"author\":{\"@id\":\"https:\/\/soziale-arbeit-mittelmark.de\/archiv\/#\/schema\/person\/0fd25ff80a55307bad75fcb1f36f8927\"},\"breadcrumb\":{\"@id\":\"https:\/\/soziale-arbeit-mittelmark.de\/archiv\/2012\/02\/27\/joker\/#breadcrumb\"},\"inLanguage\":\"de\",\"potentialAction\":[{\"@type\":\"ReadAction\",\"target\":[\"https:\/\/soziale-arbeit-mittelmark.de\/archiv\/2012\/02\/27\/joker\/\"]}]},{\"@type\":\"BreadcrumbList\",\"@id\":\"https:\/\/soziale-arbeit-mittelmark.de\/archiv\/2012\/02\/27\/joker\/#breadcrumb\",\"itemListElement\":[{\"@type\":\"ListItem\",\"position\":1,\"name\":\"Startseite\",\"item\":\"https:\/\/soziale-arbeit-mittelmark.de\/archiv\/\"},{\"@type\":\"ListItem\",\"position\":2,\"name\":\"Projekt JOKER\"}]},{\"@type\":\"WebSite\",\"@id\":\"https:\/\/soziale-arbeit-mittelmark.de\/archiv\/#website\",\"url\":\"https:\/\/soziale-arbeit-mittelmark.de\/archiv\/\",\"name\":\"Archiv Soziale Arbeit Mittelmark\",\"description\":\"Eine weitere WordPress-Website\",\"potentialAction\":[{\"@type\":\"SearchAction\",\"target\":{\"@type\":\"EntryPoint\",\"urlTemplate\":\"https:\/\/soziale-arbeit-mittelmark.de\/archiv\/?s={search_term_string}\"},\"query-input\":\"required name=search_term_string\"}],\"inLanguage\":\"de\"},{\"@type\":\"Person\",\"@id\":\"https:\/\/soziale-arbeit-mittelmark.de\/archiv\/#\/schema\/person\/0fd25ff80a55307bad75fcb1f36f8927\",\"name\":\"Admin\",\"image\":{\"@type\":\"ImageObject\",\"inLanguage\":\"de\",\"@id\":\"https:\/\/soziale-arbeit-mittelmark.de\/archiv\/#\/schema\/person\/image\/\",\"url\":\"https:\/\/secure.gravatar.com\/avatar\/?s=96&d=mm&r=g\",\"contentUrl\":\"https:\/\/secure.gravatar.com\/avatar\/?s=96&d=mm&r=g\",\"caption\":\"Admin\"},\"url\":\"https:\/\/soziale-arbeit-mittelmark.de\/archiv\/author\/admin\/\"}]}<\/script>\n<!-- \/ Yoast SEO plugin. -->","yoast_head_json":{"title":"Projekt JOKER - Archiv Soziale Arbeit Mittelmark","robots":{"index":"index","follow":"follow","max-snippet":"max-snippet:-1","max-image-preview":"max-image-preview:large","max-video-preview":"max-video-preview:-1"},"canonical":"https:\/\/soziale-arbeit-mittelmark.de\/archiv\/2012\/02\/27\/joker\/","og_locale":"de_DE","og_type":"article","og_title":"Projekt JOKER - Archiv Soziale Arbeit Mittelmark","og_description":"&nbsp; EU-Projekt \u201eSt\u00e4rken st\u00e4rken &#8211; f\u00fcr einen starken Schlaatz\u201c Projektnummer: 1290327 Infoblatt deutsch\u00a0| Infoblatt russisch &nbsp; JOKER Job-Kompetenzen ermitteln \/ erweitern \/ erwerben Projektlaufzeit: 1. Januar 2012 bis 31. Dezember 2013\u00a0\u00a0 Ziel dieses EU-Projektes ist es, im Potsdamer Stadtteil Am Schlaatz wohnende Langzeitarbeitslose zwischen 18 und 55+, insbesondere MigrantInnen, arbeits- bzw. ausbildungssuchende junge Menschen unter [&hellip;]","og_url":"https:\/\/soziale-arbeit-mittelmark.de\/archiv\/2012\/02\/27\/joker\/","og_site_name":"Archiv Soziale Arbeit Mittelmark","article_published_time":"2012-02-27T15:55:49+00:00","author":"Admin","twitter_card":"summary_large_image","twitter_misc":{"Verfasst von":"Admin","Gesch\u00e4tzte Lesezeit":"2\u00a0Minuten"},"schema":{"@context":"https:\/\/schema.org","@graph":[{"@type":"WebPage","@id":"https:\/\/soziale-arbeit-mittelmark.de\/archiv\/2012\/02\/27\/joker\/","url":"https:\/\/soziale-arbeit-mittelmark.de\/archiv\/2012\/02\/27\/joker\/","name":"Projekt JOKER - Archiv Soziale Arbeit Mittelmark","isPartOf":{"@id":"https:\/\/soziale-arbeit-mittelmark.de\/archiv\/#website"},"datePublished":"2012-02-27T15:55:49+00:00","dateModified":"2012-02-27T15:55:49+00:00","author":{"@id":"https:\/\/soziale-arbeit-mittelmark.de\/archiv\/#\/schema\/person\/0fd25ff80a55307bad75fcb1f36f8927"},"breadcrumb":{"@id":"https:\/\/soziale-arbeit-mittelmark.de\/archiv\/2012\/02\/27\/joker\/#breadcrumb"},"inLanguage":"de","potentialAction":[{"@type":"ReadAction","target":["https:\/\/soziale-arbeit-mittelmark.de\/archiv\/2012\/02\/27\/joker\/"]}]},{"@type":"BreadcrumbList","@id":"https:\/\/soziale-arbeit-mittelmark.de\/archiv\/2012\/02\/27\/joker\/#breadcrumb","itemListElement":[{"@type":"ListItem","position":1,"name":"Startseite","item":"https:\/\/soziale-arbeit-mittelmark.de\/archiv\/"},{"@type":"ListItem","position":2,"name":"Projekt JOKER"}]},{"@type":"WebSite","@id":"https:\/\/soziale-arbeit-mittelmark.de\/archiv\/#website","url":"https:\/\/soziale-arbeit-mittelmark.de\/archiv\/","name":"Archiv Soziale Arbeit Mittelmark","description":"Eine weitere WordPress-Website","potentialAction":[{"@type":"SearchAction","target":{"@type":"EntryPoint","urlTemplate":"https:\/\/soziale-arbeit-mittelmark.de\/archiv\/?s={search_term_string}"},"query-input":"required name=search_term_string"}],"inLanguage":"de"},{"@type":"Person","@id":"https:\/\/soziale-arbeit-mittelmark.de\/archiv\/#\/schema\/person\/0fd25ff80a55307bad75fcb1f36f8927","name":"Admin","image":{"@type":"ImageObject","inLanguage":"de","@id":"https:\/\/soziale-arbeit-mittelmark.de\/archiv\/#\/schema\/person\/image\/","url":"https:\/\/secure.gravatar.com\/avatar\/?s=96&d=mm&r=g","contentUrl":"https:\/\/secure.gravatar.com\/avatar\/?s=96&d=mm&r=g","caption":"Admin"},"url":"https:\/\/soziale-arbeit-mittelmark.de\/archiv\/author\/admin\/"}]}},"_links":{"self":[{"href":"https:\/\/soziale-arbeit-mittelmark.de\/archiv\/wp-json\/wp\/v2\/posts\/116"}],"collection":[{"href":"https:\/\/soziale-arbeit-mittelmark.de\/archiv\/wp-json\/wp\/v2\/posts"}],"about":[{"href":"https:\/\/soziale-arbeit-mittelmark.de\/archiv\/wp-json\/wp\/v2\/types\/post"}],"author":[{"embeddable":true,"href":"https:\/\/soziale-arbeit-mittelmark.de\/archiv\/wp-json\/wp\/v2\/users\/2"}],"replies":[{"embeddable":true,"href":"https:\/\/soziale-arbeit-mittelmark.de\/archiv\/wp-json\/wp\/v2\/comments?post=116"}],"version-history":[{"count":0,"href":"https:\/\/soziale-arbeit-mittelmark.de\/archiv\/wp-json\/wp\/v2\/posts\/116\/revisions"}],"wp:attachment":[{"href":"https:\/\/soziale-arbeit-mittelmark.de\/archiv\/wp-json\/wp\/v2\/media?parent=116"}],"wp:term":[{"taxonomy":"category","embeddable":true,"href":"https:\/\/soziale-arbeit-mittelmark.de\/archiv\/wp-json\/wp\/v2\/categories?post=116"},{"taxonomy":"post_tag","embeddable":true,"href":"https:\/\/soziale-arbeit-mittelmark.de\/archiv\/wp-json\/wp\/v2\/tags?post=116"}],"curies":[{"name":"wp","href":"https:\/\/api.w.org\/{rel}","templated":true}]}}