{"id":1981,"date":"2018-04-05T09:51:56","date_gmt":"2018-04-05T07:51:56","guid":{"rendered":"http:\/\/www.aafv.de\/?p=1981"},"modified":"2018-04-05T09:51:56","modified_gmt":"2018-04-05T07:51:56","slug":"ministerin-besucht-sozialwirtschaftsbetrieb","status":"publish","type":"post","link":"https:\/\/soziale-arbeit-mittelmark.de\/archiv\/2018\/04\/05\/ministerin-besucht-sozialwirtschaftsbetrieb\/","title":{"rendered":"Ministerin besucht Sozialwirtschaftsbetrieb"},"content":{"rendered":"<p>\t\t\t\tIm Rahmen ihrer Arbeitsmarkt-Tour besuchte Arbeits- und Sozialministerin Diana Golze den Sozialwirtschaftsbetrieb in den Werkst\u00e4tten in Kuhlowitz. Vor Ort lie\u00df sich die Ministerin, zusammen mit ihrer Delegation, von dem erfolgreichen Projekt f\u00fcr Langzeitarbeitslose berichten.\u00a0 Die Vereinsvorsitzende Frau Vogel und Bad Belzigs B\u00fcrgermeister Herr Leisegang begr\u00fc\u00dften die G\u00e4ste und schilderten die Entwicklung der letzten Jahre. W\u00e4hrend der Besichtigung der R\u00e4ume wurden auch pers\u00f6nliche Gespr\u00e4che mit den Mitarbeitern des Projekts gef\u00fchrt.<\/p>\n<p><img decoding=\"async\" loading=\"lazy\" class=\"size-medium wp-image-2011 alignleft\" src=\"https:\/\/soziale-arbeit-mittelmark.de\/archiv\/wp-content\/uploads\/2018\/04\/unbenannt-24-1-300x218.jpg\" alt=\"\" width=\"300\" height=\"218\" srcset=\"https:\/\/soziale-arbeit-mittelmark.de\/archiv\/wp-content\/uploads\/2018\/04\/unbenannt-24-1-300x218.jpg 300w, https:\/\/soziale-arbeit-mittelmark.de\/archiv\/wp-content\/uploads\/2018\/04\/unbenannt-24-1.jpg 400w\" sizes=\"(max-width: 300px) 100vw, 300px\" \/>\u00a0 <img decoding=\"async\" loading=\"lazy\" class=\"size-medium wp-image-2010 alignleft\" src=\"https:\/\/soziale-arbeit-mittelmark.de\/archiv\/wp-content\/uploads\/2018\/04\/unbenannt-11-1-300x207.jpg\" alt=\"\" width=\"300\" height=\"207\" srcset=\"https:\/\/soziale-arbeit-mittelmark.de\/archiv\/wp-content\/uploads\/2018\/04\/unbenannt-11-1-300x207.jpg 300w, https:\/\/soziale-arbeit-mittelmark.de\/archiv\/wp-content\/uploads\/2018\/04\/unbenannt-11-1.jpg 400w\" sizes=\"(max-width: 300px) 100vw, 300px\" \/><img decoding=\"async\" loading=\"lazy\" class=\"size-medium wp-image-1992 alignleft\" src=\"https:\/\/soziale-arbeit-mittelmark.de\/archiv\/wp-content\/uploads\/2018\/04\/unbenannt-1-28-300x218.jpg\" alt=\"\" width=\"300\" height=\"218\" \/>\t\t<\/p>\n","protected":false},"excerpt":{"rendered":"<p>Im Rahmen ihrer Arbeitsmarkt-Tour besuchte Arbeits- und Sozialministerin Diana Golze den Sozialwirtschaftsbetrieb in den Werkst\u00e4tten in Kuhlowitz. Vor Ort lie\u00df sich die Ministerin, zusammen mit ihrer Delegation, von dem erfolgreichen Projekt f\u00fcr Langzeitarbeitslose berichten.\u00a0 Die Vereinsvorsitzende Frau Vogel und Bad Belzigs B\u00fcrgermeister Herr Leisegang begr\u00fc\u00dften die G\u00e4ste und schilderten die Entwicklung der letzten Jahre. W\u00e4hrend [&hellip;]<\/p>\n","protected":false},"author":2,"featured_media":2009,"comment_status":"closed","ping_status":"closed","sticky":false,"template":"","format":"standard","meta":{"_et_pb_use_builder":"","_et_pb_old_content":"","_et_gb_content_width":""},"categories":[1],"tags":[],"yoast_head":"<!-- This site is optimized with the Yoast SEO plugin v19.14 - https:\/\/yoast.com\/wordpress\/plugins\/seo\/ -->\n<title>Ministerin besucht Sozialwirtschaftsbetrieb - Archiv Soziale Arbeit Mittelmark<\/title>\n<meta name=\"robots\" content=\"index, follow, max-snippet:-1, max-image-preview:large, max-video-preview:-1\" \/>\n<link rel=\"canonical\" href=\"https:\/\/soziale-arbeit-mittelmark.de\/archiv\/2018\/04\/05\/ministerin-besucht-sozialwirtschaftsbetrieb\/\" \/>\n<meta property=\"og:locale\" content=\"de_DE\" \/>\n<meta property=\"og:type\" content=\"article\" \/>\n<meta property=\"og:title\" content=\"Ministerin besucht Sozialwirtschaftsbetrieb - Archiv Soziale Arbeit Mittelmark\" \/>\n<meta property=\"og:description\" content=\"Im Rahmen ihrer Arbeitsmarkt-Tour besuchte Arbeits- und Sozialministerin Diana Golze den Sozialwirtschaftsbetrieb in den Werkst\u00e4tten in Kuhlowitz. Vor Ort lie\u00df sich die Ministerin, zusammen mit ihrer Delegation, von dem erfolgreichen Projekt f\u00fcr Langzeitarbeitslose berichten.\u00a0 Die Vereinsvorsitzende Frau Vogel und Bad Belzigs B\u00fcrgermeister Herr Leisegang begr\u00fc\u00dften die G\u00e4ste und schilderten die Entwicklung der letzten Jahre. W\u00e4hrend [&hellip;]\" \/>\n<meta property=\"og:url\" content=\"https:\/\/soziale-arbeit-mittelmark.de\/archiv\/2018\/04\/05\/ministerin-besucht-sozialwirtschaftsbetrieb\/\" \/>\n<meta property=\"og:site_name\" content=\"Archiv Soziale Arbeit Mittelmark\" \/>\n<meta property=\"article:published_time\" content=\"2018-04-05T07:51:56+00:00\" \/>\n<meta property=\"og:image\" content=\"https:\/\/soziale-arbeit-mittelmark.de\/archiv\/wp-content\/uploads\/2018\/04\/unbenannt-19-1.jpg\" \/>\n\t<meta property=\"og:image:width\" content=\"400\" \/>\n\t<meta property=\"og:image:height\" content=\"289\" \/>\n\t<meta property=\"og:image:type\" content=\"image\/jpeg\" \/>\n<meta name=\"author\" content=\"Admin\" \/>\n<meta name=\"twitter:card\" content=\"summary_large_image\" \/>\n<meta name=\"twitter:label1\" content=\"Verfasst von\" \/>\n\t<meta name=\"twitter:data1\" content=\"Admin\" \/>\n<script type=\"application\/ld+json\" class=\"yoast-schema-graph\">{\"@context\":\"https:\/\/schema.org\",\"@graph\":[{\"@type\":\"WebPage\",\"@id\":\"https:\/\/soziale-arbeit-mittelmark.de\/archiv\/2018\/04\/05\/ministerin-besucht-sozialwirtschaftsbetrieb\/\",\"url\":\"https:\/\/soziale-arbeit-mittelmark.de\/archiv\/2018\/04\/05\/ministerin-besucht-sozialwirtschaftsbetrieb\/\",\"name\":\"Ministerin besucht Sozialwirtschaftsbetrieb - Archiv Soziale Arbeit Mittelmark\",\"isPartOf\":{\"@id\":\"https:\/\/soziale-arbeit-mittelmark.de\/archiv\/#website\"},\"datePublished\":\"2018-04-05T07:51:56+00:00\",\"dateModified\":\"2018-04-05T07:51:56+00:00\",\"author\":{\"@id\":\"https:\/\/soziale-arbeit-mittelmark.de\/archiv\/#\/schema\/person\/0fd25ff80a55307bad75fcb1f36f8927\"},\"breadcrumb\":{\"@id\":\"https:\/\/soziale-arbeit-mittelmark.de\/archiv\/2018\/04\/05\/ministerin-besucht-sozialwirtschaftsbetrieb\/#breadcrumb\"},\"inLanguage\":\"de\",\"potentialAction\":[{\"@type\":\"ReadAction\",\"target\":[\"https:\/\/soziale-arbeit-mittelmark.de\/archiv\/2018\/04\/05\/ministerin-besucht-sozialwirtschaftsbetrieb\/\"]}]},{\"@type\":\"BreadcrumbList\",\"@id\":\"https:\/\/soziale-arbeit-mittelmark.de\/archiv\/2018\/04\/05\/ministerin-besucht-sozialwirtschaftsbetrieb\/#breadcrumb\",\"itemListElement\":[{\"@type\":\"ListItem\",\"position\":1,\"name\":\"Startseite\",\"item\":\"https:\/\/soziale-arbeit-mittelmark.de\/archiv\/\"},{\"@type\":\"ListItem\",\"position\":2,\"name\":\"Ministerin besucht Sozialwirtschaftsbetrieb\"}]},{\"@type\":\"WebSite\",\"@id\":\"https:\/\/soziale-arbeit-mittelmark.de\/archiv\/#website\",\"url\":\"https:\/\/soziale-arbeit-mittelmark.de\/archiv\/\",\"name\":\"Archiv Soziale Arbeit Mittelmark\",\"description\":\"Eine weitere WordPress-Website\",\"potentialAction\":[{\"@type\":\"SearchAction\",\"target\":{\"@type\":\"EntryPoint\",\"urlTemplate\":\"https:\/\/soziale-arbeit-mittelmark.de\/archiv\/?s={search_term_string}\"},\"query-input\":\"required name=search_term_string\"}],\"inLanguage\":\"de\"},{\"@type\":\"Person\",\"@id\":\"https:\/\/soziale-arbeit-mittelmark.de\/archiv\/#\/schema\/person\/0fd25ff80a55307bad75fcb1f36f8927\",\"name\":\"Admin\",\"image\":{\"@type\":\"ImageObject\",\"inLanguage\":\"de\",\"@id\":\"https:\/\/soziale-arbeit-mittelmark.de\/archiv\/#\/schema\/person\/image\/\",\"url\":\"https:\/\/secure.gravatar.com\/avatar\/?s=96&d=mm&r=g\",\"contentUrl\":\"https:\/\/secure.gravatar.com\/avatar\/?s=96&d=mm&r=g\",\"caption\":\"Admin\"},\"url\":\"https:\/\/soziale-arbeit-mittelmark.de\/archiv\/author\/admin\/\"}]}<\/script>\n<!-- \/ Yoast SEO plugin. -->","yoast_head_json":{"title":"Ministerin besucht Sozialwirtschaftsbetrieb - Archiv Soziale Arbeit Mittelmark","robots":{"index":"index","follow":"follow","max-snippet":"max-snippet:-1","max-image-preview":"max-image-preview:large","max-video-preview":"max-video-preview:-1"},"canonical":"https:\/\/soziale-arbeit-mittelmark.de\/archiv\/2018\/04\/05\/ministerin-besucht-sozialwirtschaftsbetrieb\/","og_locale":"de_DE","og_type":"article","og_title":"Ministerin besucht Sozialwirtschaftsbetrieb - Archiv Soziale Arbeit Mittelmark","og_description":"Im Rahmen ihrer Arbeitsmarkt-Tour besuchte Arbeits- und Sozialministerin Diana Golze den Sozialwirtschaftsbetrieb in den Werkst\u00e4tten in Kuhlowitz. Vor Ort lie\u00df sich die Ministerin, zusammen mit ihrer Delegation, von dem erfolgreichen Projekt f\u00fcr Langzeitarbeitslose berichten.\u00a0 Die Vereinsvorsitzende Frau Vogel und Bad Belzigs B\u00fcrgermeister Herr Leisegang begr\u00fc\u00dften die G\u00e4ste und schilderten die Entwicklung der letzten Jahre. W\u00e4hrend [&hellip;]","og_url":"https:\/\/soziale-arbeit-mittelmark.de\/archiv\/2018\/04\/05\/ministerin-besucht-sozialwirtschaftsbetrieb\/","og_site_name":"Archiv Soziale Arbeit Mittelmark","article_published_time":"2018-04-05T07:51:56+00:00","og_image":[{"width":400,"height":289,"url":"https:\/\/soziale-arbeit-mittelmark.de\/archiv\/wp-content\/uploads\/2018\/04\/unbenannt-19-1.jpg","type":"image\/jpeg"}],"author":"Admin","twitter_card":"summary_large_image","twitter_misc":{"Verfasst von":"Admin"},"schema":{"@context":"https:\/\/schema.org","@graph":[{"@type":"WebPage","@id":"https:\/\/soziale-arbeit-mittelmark.de\/archiv\/2018\/04\/05\/ministerin-besucht-sozialwirtschaftsbetrieb\/","url":"https:\/\/soziale-arbeit-mittelmark.de\/archiv\/2018\/04\/05\/ministerin-besucht-sozialwirtschaftsbetrieb\/","name":"Ministerin besucht Sozialwirtschaftsbetrieb - Archiv Soziale Arbeit Mittelmark","isPartOf":{"@id":"https:\/\/soziale-arbeit-mittelmark.de\/archiv\/#website"},"datePublished":"2018-04-05T07:51:56+00:00","dateModified":"2018-04-05T07:51:56+00:00","author":{"@id":"https:\/\/soziale-arbeit-mittelmark.de\/archiv\/#\/schema\/person\/0fd25ff80a55307bad75fcb1f36f8927"},"breadcrumb":{"@id":"https:\/\/soziale-arbeit-mittelmark.de\/archiv\/2018\/04\/05\/ministerin-besucht-sozialwirtschaftsbetrieb\/#breadcrumb"},"inLanguage":"de","potentialAction":[{"@type":"ReadAction","target":["https:\/\/soziale-arbeit-mittelmark.de\/archiv\/2018\/04\/05\/ministerin-besucht-sozialwirtschaftsbetrieb\/"]}]},{"@type":"BreadcrumbList","@id":"https:\/\/soziale-arbeit-mittelmark.de\/archiv\/2018\/04\/05\/ministerin-besucht-sozialwirtschaftsbetrieb\/#breadcrumb","itemListElement":[{"@type":"ListItem","position":1,"name":"Startseite","item":"https:\/\/soziale-arbeit-mittelmark.de\/archiv\/"},{"@type":"ListItem","position":2,"name":"Ministerin besucht Sozialwirtschaftsbetrieb"}]},{"@type":"WebSite","@id":"https:\/\/soziale-arbeit-mittelmark.de\/archiv\/#website","url":"https:\/\/soziale-arbeit-mittelmark.de\/archiv\/","name":"Archiv Soziale Arbeit Mittelmark","description":"Eine weitere WordPress-Website","potentialAction":[{"@type":"SearchAction","target":{"@type":"EntryPoint","urlTemplate":"https:\/\/soziale-arbeit-mittelmark.de\/archiv\/?s={search_term_string}"},"query-input":"required name=search_term_string"}],"inLanguage":"de"},{"@type":"Person","@id":"https:\/\/soziale-arbeit-mittelmark.de\/archiv\/#\/schema\/person\/0fd25ff80a55307bad75fcb1f36f8927","name":"Admin","image":{"@type":"ImageObject","inLanguage":"de","@id":"https:\/\/soziale-arbeit-mittelmark.de\/archiv\/#\/schema\/person\/image\/","url":"https:\/\/secure.gravatar.com\/avatar\/?s=96&d=mm&r=g","contentUrl":"https:\/\/secure.gravatar.com\/avatar\/?s=96&d=mm&r=g","caption":"Admin"},"url":"https:\/\/soziale-arbeit-mittelmark.de\/archiv\/author\/admin\/"}]}},"_links":{"self":[{"href":"https:\/\/soziale-arbeit-mittelmark.de\/archiv\/wp-json\/wp\/v2\/posts\/1981"}],"collection":[{"href":"https:\/\/soziale-arbeit-mittelmark.de\/archiv\/wp-json\/wp\/v2\/posts"}],"about":[{"href":"https:\/\/soziale-arbeit-mittelmark.de\/archiv\/wp-json\/wp\/v2\/types\/post"}],"author":[{"embeddable":true,"href":"https:\/\/soziale-arbeit-mittelmark.de\/archiv\/wp-json\/wp\/v2\/users\/2"}],"replies":[{"embeddable":true,"href":"https:\/\/soziale-arbeit-mittelmark.de\/archiv\/wp-json\/wp\/v2\/comments?post=1981"}],"version-history":[{"count":0,"href":"https:\/\/soziale-arbeit-mittelmark.de\/archiv\/wp-json\/wp\/v2\/posts\/1981\/revisions"}],"wp:featuredmedia":[{"embeddable":true,"href":"https:\/\/soziale-arbeit-mittelmark.de\/archiv\/wp-json\/wp\/v2\/media\/2009"}],"wp:attachment":[{"href":"https:\/\/soziale-arbeit-mittelmark.de\/archiv\/wp-json\/wp\/v2\/media?parent=1981"}],"wp:term":[{"taxonomy":"category","embeddable":true,"href":"https:\/\/soziale-arbeit-mittelmark.de\/archiv\/wp-json\/wp\/v2\/categories?post=1981"},{"taxonomy":"post_tag","embeddable":true,"href":"https:\/\/soziale-arbeit-mittelmark.de\/archiv\/wp-json\/wp\/v2\/tags?post=1981"}],"curies":[{"name":"wp","href":"https:\/\/api.w.org\/{rel}","templated":true}]}}