{"id":215,"date":"2012-05-30T06:34:44","date_gmt":"2012-05-30T04:34:44","guid":{"rendered":"http:\/\/wp.aafv.de\/2012\/05\/30\/fdk-2\/"},"modified":"2012-05-30T06:34:44","modified_gmt":"2012-05-30T04:34:44","slug":"fdk-2","status":"publish","type":"post","link":"https:\/\/soziale-arbeit-mittelmark.de\/archiv\/2012\/05\/30\/fdk-2\/","title":{"rendered":"In Siebenmeilenstiefeln durch die Welt"},"content":{"rendered":"<h2 class=\"beitrag\">Mehr als zwei Dutzend Beteiligte organisieren ein internationales Stra\u00dfenfest in der Kur- und Kreisstadt<\/h2>\n<div class=\"textblock_ohne\">\n<p><a name=\"1\"><\/a><\/p>\n<p class=\"hermes_block\">BAD BELZIG -Wie mit Siebenmeilenstiefeln kann man am Wochenende in einer einzigen Stra\u00dfe durch die ganze Welt spazieren. Der Weitzgrunder Weg in der Kur- und Kreisstadt ist Schauplatz des Internationalen Stra\u00dfenfestes, welches das Integrationsnetzwerk Potsdam-Mittelmark mit seinen mehr als 25 Kooperationspartnern organisiert hat.<\/p>\n<p class=\"hermes_block\">\u201eUnser Ziel ist die Ann\u00e4herung zwischen Kulturen und Generationen, der Abbau von Vorurteilen, die Schaffung eines Raumes f\u00fcr Gespr\u00e4che und Kontakte und einer Plattform f\u00fcr spontane K\u00fcnstler aus aller Welt\u201c, erkl\u00e4rt Netzwerk-Koordinator Lutz Kuligk die Intention.<\/p>\n<p class=\"hermes_block\">Die originelle Idee: \u00dcber sieben symbolische Br\u00fccken betritt der Festbesucher jeweils einen Kontinent. Das Seecaf\u00e9 am unteren Ende der Stra\u00dfe wird sich f\u00fcr einen Nachmittag in die Antarktis verwandeln. Hier k\u00f6nnen sich Kinder schminken lassen und zu jeder vollen Stunde einem M\u00e4rchen lauschen. Die benachbarte Oberschule verbreitet nordamerikanisches Flair mit Linedance, Trommelgruppe und Liedern aus aller Welt vom Schulchor zum Zuh\u00f6ren und sp\u00e4ter mit der Musikerin Hagara Feinbier zum Mitsingen. Au\u00dferdem schwingt der Kochzirkel den L\u00f6ffel, was kulinarische Gen\u00fcsse verhei\u00dft.<\/p>\n<p class=\"hermes_block\">Das kleine Europa ist in der gro\u00dfen Albert-Baur-Halle zu Gast. Hier er\u00f6ffnet die Rollstuhltanzgruppe das Programm rund um den Markt der sozialen Dienste. Auf der B\u00fchne f\u00fcr Stimmung sorgen weiterhin die Band Artgerecht, der Oberschulchor und der Gemischte Chor und der Gospels\u00e4nger Elijohn sowie eine Bauchtanzgruppe und es gibt Vorf\u00fchrungen des DRK, des Technischen Hilfswerks und der Feuerwehr zu sehen.<\/p>\n<p class=\"hermes_block\">Die Geschwister-Scholl-Grundschule hat Australien zu ihrem Kontinent erkoren. Dort k\u00f6nnen Kinder schnitzen, malen und basteln, sich von Toni Peter und seinen magischen Tricks verzaubern lassen, den tanzenden F\u00fcnkchen vom Karnevalsverein zuschauen oder Streetsoccer spielen.<\/p>\n<p class=\"hermes_block\">Am Standort des Deutschen Roten Kreuzes befindet sich die Br\u00fccke nach S\u00fcdamerika. Unter anderem wird der Gastgeber mit seiner Rettungshundestaffel auftreten.<\/p>\n<p class=\"hermes_block\">Im \u00dcbergangswohnheim f\u00fcr Asylbewerber leben viele Afrikaner, die sich freuen, ihren Kontinent an diesem Tag an diesem Ort zu pr\u00e4sentieren. Bauchtanz, Trommeln, Gospelsongs, Limbodance und eine Fotoausstellung sind einige der angek\u00fcndigten Attraktionen.<\/p>\n<p class=\"hermes_block\">Eine Hausnummer weiter \u2013 im Domizil des Kinderf\u00f6rdervereins \u201eWir\u201c \u2013 erwartet Asien seine G\u00e4ste. Mitspielmann Ren\u00e9 Zind sorgt dort f\u00fcr animierte Unterhaltung, Hagara Feinbier l\u00e4dt zum Mitsingen ein, au\u00dferdem gibt es einen Kinderflohmarkt, ein Familiencaf\u00e9, Spielmobil, H\u00fcpfburg und Fahrradparcours. Immerhin f\u00e4llt die Aktion mit dem einj\u00e4hrigen Bestehen der Einrichtung zusammen, w\u00e4hrend das Haus bereits vor 100 Jahren errichtet worden ist (die MAZ berichtete). Wie demn\u00e4chst dort das Au\u00dfengel\u00e4nde gestaltet werden soll, wird Beatrice Lichter-Spatzier erl\u00e4utern.<\/p>\n<p class=\"hermes_block\">Neben den Programmangeboten der jeweiligen Gastgeber sind \u00fcberall Vereine und Initiativen mit ihren Aktionen und Informationen pr\u00e4sent und nat\u00fcrlich gibt es \u00fcberall Leckeres aus der ganzen Welt zu verkosten.<\/p>\n<p class=\"hermes_block\">Internationales Stra\u00dfenfest am Sonnabend, 13 bis 18 Uhr, am Weitzgrunder Weg (Er\u00f6ffnung am Seecaf\u00e9). (Von Kerstin Henseke)<\/p>\n<p>\u00a0&#8211; Maerkische Allgemeine 30.05.2012<\/p>\n<div class=\"floatclear\"><\/div>\n<\/div>\n<div class=\"textblock_ohne\">\n<p><a name=\"2\"><\/a><\/p>\n<p><em><strong>Attraktive Preise:<\/strong><\/em><\/p>\n<p><em>Jeder Besucher kann an einem Quiz teilnehmen. Er muss dazu jeden Kontinent besucht, einen entsprechenden Stempel eingeholt und eine Frage beantwortet haben.<\/em><\/p>\n<p><em>Dann kann er bei der Verlosung zum Beispiel Gutscheine f\u00fcr eine Autow\u00e4sche, einen Friseurbesuch, f\u00fcr Miederwaren oder Telekommunikation oder Tageskarten f\u00fcr die Stein-Therme bzw. ein Heimspiel von Hertha BSC, dessen Partner die Kur- und Kreisstadt ist, gewinnen.<\/em><\/p>\n<\/div>\n","protected":false},"excerpt":{"rendered":"<p>Mehr als zwei Dutzend Beteiligte organisieren ein internationales Stra\u00dfenfest in der Kur- und Kreisstadt BAD BELZIG -Wie mit Siebenmeilenstiefeln kann man am Wochenende in einer einzigen Stra\u00dfe durch die ganze Welt spazieren. Der Weitzgrunder Weg in der Kur- und Kreisstadt ist Schauplatz des Internationalen Stra\u00dfenfestes, welches das Integrationsnetzwerk Potsdam-Mittelmark mit seinen mehr als 25 Kooperationspartnern [&hellip;]<\/p>\n","protected":false},"author":2,"featured_media":0,"comment_status":"open","ping_status":"open","sticky":false,"template":"","format":"standard","meta":{"_et_pb_use_builder":"","_et_pb_old_content":"","_et_gb_content_width":""},"categories":[2],"tags":[],"yoast_head":"<!-- This site is optimized with the Yoast SEO plugin v19.14 - https:\/\/yoast.com\/wordpress\/plugins\/seo\/ -->\n<title>In Siebenmeilenstiefeln durch die Welt - Archiv Soziale Arbeit Mittelmark<\/title>\n<meta name=\"robots\" content=\"index, follow, max-snippet:-1, max-image-preview:large, max-video-preview:-1\" \/>\n<link rel=\"canonical\" href=\"https:\/\/soziale-arbeit-mittelmark.de\/archiv\/2012\/05\/30\/fdk-2\/\" \/>\n<meta property=\"og:locale\" content=\"de_DE\" \/>\n<meta property=\"og:type\" content=\"article\" \/>\n<meta property=\"og:title\" content=\"In Siebenmeilenstiefeln durch die Welt - Archiv Soziale Arbeit Mittelmark\" \/>\n<meta property=\"og:description\" content=\"Mehr als zwei Dutzend Beteiligte organisieren ein internationales Stra\u00dfenfest in der Kur- und Kreisstadt BAD BELZIG -Wie mit Siebenmeilenstiefeln kann man am Wochenende in einer einzigen Stra\u00dfe durch die ganze Welt spazieren. Der Weitzgrunder Weg in der Kur- und Kreisstadt ist Schauplatz des Internationalen Stra\u00dfenfestes, welches das Integrationsnetzwerk Potsdam-Mittelmark mit seinen mehr als 25 Kooperationspartnern [&hellip;]\" \/>\n<meta property=\"og:url\" content=\"https:\/\/soziale-arbeit-mittelmark.de\/archiv\/2012\/05\/30\/fdk-2\/\" \/>\n<meta property=\"og:site_name\" content=\"Archiv Soziale Arbeit Mittelmark\" \/>\n<meta property=\"article:published_time\" content=\"2012-05-30T04:34:44+00:00\" \/>\n<meta name=\"author\" content=\"Admin\" \/>\n<meta name=\"twitter:card\" content=\"summary_large_image\" \/>\n<meta name=\"twitter:label1\" content=\"Verfasst von\" \/>\n\t<meta name=\"twitter:data1\" content=\"Admin\" \/>\n\t<meta name=\"twitter:label2\" content=\"Gesch\u00e4tzte Lesezeit\" \/>\n\t<meta name=\"twitter:data2\" content=\"3\u00a0Minuten\" \/>\n<script type=\"application\/ld+json\" class=\"yoast-schema-graph\">{\"@context\":\"https:\/\/schema.org\",\"@graph\":[{\"@type\":\"WebPage\",\"@id\":\"https:\/\/soziale-arbeit-mittelmark.de\/archiv\/2012\/05\/30\/fdk-2\/\",\"url\":\"https:\/\/soziale-arbeit-mittelmark.de\/archiv\/2012\/05\/30\/fdk-2\/\",\"name\":\"In Siebenmeilenstiefeln durch die Welt - Archiv Soziale Arbeit Mittelmark\",\"isPartOf\":{\"@id\":\"https:\/\/soziale-arbeit-mittelmark.de\/archiv\/#website\"},\"datePublished\":\"2012-05-30T04:34:44+00:00\",\"dateModified\":\"2012-05-30T04:34:44+00:00\",\"author\":{\"@id\":\"https:\/\/soziale-arbeit-mittelmark.de\/archiv\/#\/schema\/person\/0fd25ff80a55307bad75fcb1f36f8927\"},\"breadcrumb\":{\"@id\":\"https:\/\/soziale-arbeit-mittelmark.de\/archiv\/2012\/05\/30\/fdk-2\/#breadcrumb\"},\"inLanguage\":\"de\",\"potentialAction\":[{\"@type\":\"ReadAction\",\"target\":[\"https:\/\/soziale-arbeit-mittelmark.de\/archiv\/2012\/05\/30\/fdk-2\/\"]}]},{\"@type\":\"BreadcrumbList\",\"@id\":\"https:\/\/soziale-arbeit-mittelmark.de\/archiv\/2012\/05\/30\/fdk-2\/#breadcrumb\",\"itemListElement\":[{\"@type\":\"ListItem\",\"position\":1,\"name\":\"Startseite\",\"item\":\"https:\/\/soziale-arbeit-mittelmark.de\/archiv\/\"},{\"@type\":\"ListItem\",\"position\":2,\"name\":\"In Siebenmeilenstiefeln durch die Welt\"}]},{\"@type\":\"WebSite\",\"@id\":\"https:\/\/soziale-arbeit-mittelmark.de\/archiv\/#website\",\"url\":\"https:\/\/soziale-arbeit-mittelmark.de\/archiv\/\",\"name\":\"Archiv Soziale Arbeit Mittelmark\",\"description\":\"Eine weitere WordPress-Website\",\"potentialAction\":[{\"@type\":\"SearchAction\",\"target\":{\"@type\":\"EntryPoint\",\"urlTemplate\":\"https:\/\/soziale-arbeit-mittelmark.de\/archiv\/?s={search_term_string}\"},\"query-input\":\"required name=search_term_string\"}],\"inLanguage\":\"de\"},{\"@type\":\"Person\",\"@id\":\"https:\/\/soziale-arbeit-mittelmark.de\/archiv\/#\/schema\/person\/0fd25ff80a55307bad75fcb1f36f8927\",\"name\":\"Admin\",\"image\":{\"@type\":\"ImageObject\",\"inLanguage\":\"de\",\"@id\":\"https:\/\/soziale-arbeit-mittelmark.de\/archiv\/#\/schema\/person\/image\/\",\"url\":\"https:\/\/secure.gravatar.com\/avatar\/?s=96&d=mm&r=g\",\"contentUrl\":\"https:\/\/secure.gravatar.com\/avatar\/?s=96&d=mm&r=g\",\"caption\":\"Admin\"},\"url\":\"https:\/\/soziale-arbeit-mittelmark.de\/archiv\/author\/admin\/\"}]}<\/script>\n<!-- \/ Yoast SEO plugin. -->","yoast_head_json":{"title":"In Siebenmeilenstiefeln durch die Welt - Archiv Soziale Arbeit Mittelmark","robots":{"index":"index","follow":"follow","max-snippet":"max-snippet:-1","max-image-preview":"max-image-preview:large","max-video-preview":"max-video-preview:-1"},"canonical":"https:\/\/soziale-arbeit-mittelmark.de\/archiv\/2012\/05\/30\/fdk-2\/","og_locale":"de_DE","og_type":"article","og_title":"In Siebenmeilenstiefeln durch die Welt - Archiv Soziale Arbeit Mittelmark","og_description":"Mehr als zwei Dutzend Beteiligte organisieren ein internationales Stra\u00dfenfest in der Kur- und Kreisstadt BAD BELZIG -Wie mit Siebenmeilenstiefeln kann man am Wochenende in einer einzigen Stra\u00dfe durch die ganze Welt spazieren. Der Weitzgrunder Weg in der Kur- und Kreisstadt ist Schauplatz des Internationalen Stra\u00dfenfestes, welches das Integrationsnetzwerk Potsdam-Mittelmark mit seinen mehr als 25 Kooperationspartnern [&hellip;]","og_url":"https:\/\/soziale-arbeit-mittelmark.de\/archiv\/2012\/05\/30\/fdk-2\/","og_site_name":"Archiv Soziale Arbeit Mittelmark","article_published_time":"2012-05-30T04:34:44+00:00","author":"Admin","twitter_card":"summary_large_image","twitter_misc":{"Verfasst von":"Admin","Gesch\u00e4tzte Lesezeit":"3\u00a0Minuten"},"schema":{"@context":"https:\/\/schema.org","@graph":[{"@type":"WebPage","@id":"https:\/\/soziale-arbeit-mittelmark.de\/archiv\/2012\/05\/30\/fdk-2\/","url":"https:\/\/soziale-arbeit-mittelmark.de\/archiv\/2012\/05\/30\/fdk-2\/","name":"In Siebenmeilenstiefeln durch die Welt - Archiv Soziale Arbeit Mittelmark","isPartOf":{"@id":"https:\/\/soziale-arbeit-mittelmark.de\/archiv\/#website"},"datePublished":"2012-05-30T04:34:44+00:00","dateModified":"2012-05-30T04:34:44+00:00","author":{"@id":"https:\/\/soziale-arbeit-mittelmark.de\/archiv\/#\/schema\/person\/0fd25ff80a55307bad75fcb1f36f8927"},"breadcrumb":{"@id":"https:\/\/soziale-arbeit-mittelmark.de\/archiv\/2012\/05\/30\/fdk-2\/#breadcrumb"},"inLanguage":"de","potentialAction":[{"@type":"ReadAction","target":["https:\/\/soziale-arbeit-mittelmark.de\/archiv\/2012\/05\/30\/fdk-2\/"]}]},{"@type":"BreadcrumbList","@id":"https:\/\/soziale-arbeit-mittelmark.de\/archiv\/2012\/05\/30\/fdk-2\/#breadcrumb","itemListElement":[{"@type":"ListItem","position":1,"name":"Startseite","item":"https:\/\/soziale-arbeit-mittelmark.de\/archiv\/"},{"@type":"ListItem","position":2,"name":"In Siebenmeilenstiefeln durch die Welt"}]},{"@type":"WebSite","@id":"https:\/\/soziale-arbeit-mittelmark.de\/archiv\/#website","url":"https:\/\/soziale-arbeit-mittelmark.de\/archiv\/","name":"Archiv Soziale Arbeit Mittelmark","description":"Eine weitere WordPress-Website","potentialAction":[{"@type":"SearchAction","target":{"@type":"EntryPoint","urlTemplate":"https:\/\/soziale-arbeit-mittelmark.de\/archiv\/?s={search_term_string}"},"query-input":"required name=search_term_string"}],"inLanguage":"de"},{"@type":"Person","@id":"https:\/\/soziale-arbeit-mittelmark.de\/archiv\/#\/schema\/person\/0fd25ff80a55307bad75fcb1f36f8927","name":"Admin","image":{"@type":"ImageObject","inLanguage":"de","@id":"https:\/\/soziale-arbeit-mittelmark.de\/archiv\/#\/schema\/person\/image\/","url":"https:\/\/secure.gravatar.com\/avatar\/?s=96&d=mm&r=g","contentUrl":"https:\/\/secure.gravatar.com\/avatar\/?s=96&d=mm&r=g","caption":"Admin"},"url":"https:\/\/soziale-arbeit-mittelmark.de\/archiv\/author\/admin\/"}]}},"_links":{"self":[{"href":"https:\/\/soziale-arbeit-mittelmark.de\/archiv\/wp-json\/wp\/v2\/posts\/215"}],"collection":[{"href":"https:\/\/soziale-arbeit-mittelmark.de\/archiv\/wp-json\/wp\/v2\/posts"}],"about":[{"href":"https:\/\/soziale-arbeit-mittelmark.de\/archiv\/wp-json\/wp\/v2\/types\/post"}],"author":[{"embeddable":true,"href":"https:\/\/soziale-arbeit-mittelmark.de\/archiv\/wp-json\/wp\/v2\/users\/2"}],"replies":[{"embeddable":true,"href":"https:\/\/soziale-arbeit-mittelmark.de\/archiv\/wp-json\/wp\/v2\/comments?post=215"}],"version-history":[{"count":0,"href":"https:\/\/soziale-arbeit-mittelmark.de\/archiv\/wp-json\/wp\/v2\/posts\/215\/revisions"}],"wp:attachment":[{"href":"https:\/\/soziale-arbeit-mittelmark.de\/archiv\/wp-json\/wp\/v2\/media?parent=215"}],"wp:term":[{"taxonomy":"category","embeddable":true,"href":"https:\/\/soziale-arbeit-mittelmark.de\/archiv\/wp-json\/wp\/v2\/categories?post=215"},{"taxonomy":"post_tag","embeddable":true,"href":"https:\/\/soziale-arbeit-mittelmark.de\/archiv\/wp-json\/wp\/v2\/tags?post=215"}],"curies":[{"name":"wp","href":"https:\/\/api.w.org\/{rel}","templated":true}]}}