{"id":2181,"date":"2018-06-06T08:27:26","date_gmt":"2018-06-06T06:27:26","guid":{"rendered":"https:\/\/www.aafv.de\/?p=2181"},"modified":"2018-06-06T08:27:26","modified_gmt":"2018-06-06T06:27:26","slug":"einladung-zum-kinder-und-sommerfest","status":"publish","type":"post","link":"https:\/\/soziale-arbeit-mittelmark.de\/archiv\/2018\/06\/06\/einladung-zum-kinder-und-sommerfest\/","title":{"rendered":"Kinder- und Sommerfest im Wohnheim Bad Belzig"},"content":{"rendered":"<p>\t\t\t\tDas \u00dcbergangswohnheim im Bad Belzig feierte am 13. Juni das j\u00e4hrliche Kinder- und Sommerfest. Es gab viele Mitmach-Aktionen, wie Bogenschie\u00dfen, Basteln und Gro\u00dfspielzeug. F\u00fcr das leibliche Wohl gab es nicht nur am Grill eine gro\u00dfe Auswahl . &#8222;Mitspielmann&#8220; Rene sorgte vor allem bei den kleinen G\u00e4sten f\u00fcr beste Stimmung.<img decoding=\"async\" loading=\"lazy\" class=\"size-full wp-image-2243 alignnone\" src=\"https:\/\/soziale-arbeit-mittelmark.de\/archiv\/wp-content\/uploads\/2018\/06\/RIMG0075-e1529663076270-1.jpg\" alt=\"\" width=\"400\" height=\"279\" srcset=\"https:\/\/soziale-arbeit-mittelmark.de\/archiv\/wp-content\/uploads\/2018\/06\/RIMG0075-e1529663076270-1.jpg 400w, https:\/\/soziale-arbeit-mittelmark.de\/archiv\/wp-content\/uploads\/2018\/06\/RIMG0075-e1529663076270-1-300x209.jpg 300w\" sizes=\"(max-width: 400px) 100vw, 400px\" \/><img decoding=\"async\" loading=\"lazy\" class=\"alignleft size-full wp-image-2244\" src=\"https:\/\/soziale-arbeit-mittelmark.de\/archiv\/wp-content\/uploads\/2018\/06\/RIMG0089-e1529663287974-1.jpg\" alt=\"\" width=\"400\" height=\"296\" srcset=\"https:\/\/soziale-arbeit-mittelmark.de\/archiv\/wp-content\/uploads\/2018\/06\/RIMG0089-e1529663287974-1.jpg 400w, https:\/\/soziale-arbeit-mittelmark.de\/archiv\/wp-content\/uploads\/2018\/06\/RIMG0089-e1529663287974-1-300x222.jpg 300w\" sizes=\"(max-width: 400px) 100vw, 400px\" \/><\/p>\n<p><img decoding=\"async\" loading=\"lazy\" class=\"alignleft wp-image-2241 size-full\" src=\"https:\/\/soziale-arbeit-mittelmark.de\/archiv\/wp-content\/uploads\/2018\/06\/RIMG0033-e1529661524345-1.jpg\" alt=\"\" width=\"400\" height=\"297\" srcset=\"https:\/\/soziale-arbeit-mittelmark.de\/archiv\/wp-content\/uploads\/2018\/06\/RIMG0033-e1529661524345-1.jpg 400w, https:\/\/soziale-arbeit-mittelmark.de\/archiv\/wp-content\/uploads\/2018\/06\/RIMG0033-e1529661524345-1-300x223.jpg 300w\" sizes=\"(max-width: 400px) 100vw, 400px\" \/><\/p>\n<p><img decoding=\"async\" loading=\"lazy\" class=\"alignleft wp-image-2239 size-full\" src=\"https:\/\/soziale-arbeit-mittelmark.de\/archiv\/wp-content\/uploads\/2018\/06\/RIMG0108-e1529661859660-1.jpg\" alt=\"\" width=\"400\" height=\"300\" srcset=\"https:\/\/soziale-arbeit-mittelmark.de\/archiv\/wp-content\/uploads\/2018\/06\/RIMG0108-e1529661859660-1.jpg 400w, https:\/\/soziale-arbeit-mittelmark.de\/archiv\/wp-content\/uploads\/2018\/06\/RIMG0108-e1529661859660-1-300x225.jpg 300w\" sizes=\"(max-width: 400px) 100vw, 400px\" \/><\/p>\n<div id=\"attachment_2238\" style=\"width: 410px\" class=\"wp-caption alignleft\"><img decoding=\"async\" loading=\"lazy\" aria-describedby=\"caption-attachment-2238\" class=\"wp-image-2238 size-full\" src=\"https:\/\/soziale-arbeit-mittelmark.de\/archiv\/wp-content\/uploads\/2018\/06\/RIMG0007-e1529662891570-1.jpg\" alt=\"\" width=\"400\" height=\"303\" srcset=\"https:\/\/soziale-arbeit-mittelmark.de\/archiv\/wp-content\/uploads\/2018\/06\/RIMG0007-e1529662891570-1.jpg 400w, https:\/\/soziale-arbeit-mittelmark.de\/archiv\/wp-content\/uploads\/2018\/06\/RIMG0007-e1529662891570-1-300x227.jpg 300w\" sizes=\"(max-width: 400px) 100vw, 400px\" \/><p id=\"caption-attachment-2238\" class=\"wp-caption-text\">\u00a0<\/p><\/div>\n<div id=\"attachment_2242\" style=\"width: 410px\" class=\"wp-caption alignleft\"><img decoding=\"async\" loading=\"lazy\" aria-describedby=\"caption-attachment-2242\" class=\"wp-image-2242 size-full\" src=\"https:\/\/soziale-arbeit-mittelmark.de\/archiv\/wp-content\/uploads\/2018\/06\/RIMG0053-e1529662959276-1.jpg\" alt=\"\" width=\"400\" height=\"301\" srcset=\"https:\/\/soziale-arbeit-mittelmark.de\/archiv\/wp-content\/uploads\/2018\/06\/RIMG0053-e1529662959276-1.jpg 400w, https:\/\/soziale-arbeit-mittelmark.de\/archiv\/wp-content\/uploads\/2018\/06\/RIMG0053-e1529662959276-1-300x226.jpg 300w\" sizes=\"(max-width: 400px) 100vw, 400px\" \/><p id=\"caption-attachment-2242\" class=\"wp-caption-text\">\u00a0<\/p><\/div>\n<p>&nbsp;<\/p>\n<p>&nbsp;<\/p>\n<p>&nbsp;\t\t<\/p>\n","protected":false},"excerpt":{"rendered":"<p>Das \u00dcbergangswohnheim im Bad Belzig feierte am 13. Juni das j\u00e4hrliche Kinder- und Sommerfest. Es gab viele Mitmach-Aktionen, wie Bogenschie\u00dfen, Basteln und Gro\u00dfspielzeug. F\u00fcr das leibliche Wohl gab es nicht nur am Grill eine gro\u00dfe Auswahl . &#8222;Mitspielmann&#8220; Rene sorgte vor allem bei den kleinen G\u00e4sten f\u00fcr beste Stimmung. &nbsp; &nbsp; &nbsp;<\/p>\n","protected":false},"author":2,"featured_media":2200,"comment_status":"closed","ping_status":"closed","sticky":false,"template":"","format":"standard","meta":{"_et_pb_use_builder":"","_et_pb_old_content":"","_et_gb_content_width":""},"categories":[1],"tags":[],"yoast_head":"<!-- This site is optimized with the Yoast SEO plugin v19.14 - https:\/\/yoast.com\/wordpress\/plugins\/seo\/ -->\n<title>Einladung zum Kinder- und Sommerfest in Bad Belzig<\/title>\n<meta name=\"description\" content=\"Das \u00dcbergangswohnheim im Bad Belzig (Weizgrunder Weg 21) feiert am 13. Juni das j\u00e4hrliche Kinder- und Sommerfest. Ab 13 Uhr gibt es viele Mitmach-Aktionen, auch f\u00fcr das leibliche Wohl wird gesorgt. G\u00e4ste sind herzlich willkommen!\" \/>\n<meta name=\"robots\" content=\"index, follow, max-snippet:-1, max-image-preview:large, max-video-preview:-1\" \/>\n<link rel=\"canonical\" href=\"https:\/\/soziale-arbeit-mittelmark.de\/archiv\/2018\/06\/06\/einladung-zum-kinder-und-sommerfest\/\" \/>\n<meta property=\"og:locale\" content=\"de_DE\" \/>\n<meta property=\"og:type\" content=\"article\" \/>\n<meta property=\"og:title\" content=\"Einladung zum Kinder- und Sommerfest in Bad Belzig\" \/>\n<meta property=\"og:description\" content=\"Das \u00dcbergangswohnheim im Bad Belzig (Weizgrunder Weg 21) feiert am 13. Juni das j\u00e4hrliche Kinder- und Sommerfest. Ab 13 Uhr gibt es viele Mitmach-Aktionen, auch f\u00fcr das leibliche Wohl wird gesorgt. G\u00e4ste sind herzlich willkommen!\" \/>\n<meta property=\"og:url\" content=\"https:\/\/soziale-arbeit-mittelmark.de\/archiv\/2018\/06\/06\/einladung-zum-kinder-und-sommerfest\/\" \/>\n<meta property=\"og:site_name\" content=\"Archiv Soziale Arbeit Mittelmark\" \/>\n<meta property=\"article:published_time\" content=\"2018-06-06T06:27:26+00:00\" \/>\n<meta property=\"og:image\" content=\"https:\/\/soziale-arbeit-mittelmark.de\/archiv\/wp-content\/uploads\/2018\/06\/RIMG0069-e1529653317784-1.jpg\" \/>\n\t<meta property=\"og:image:width\" content=\"400\" \/>\n\t<meta property=\"og:image:height\" content=\"300\" \/>\n\t<meta property=\"og:image:type\" content=\"image\/jpeg\" \/>\n<meta name=\"author\" content=\"Admin\" \/>\n<meta name=\"twitter:card\" content=\"summary_large_image\" \/>\n<meta name=\"twitter:label1\" content=\"Verfasst von\" \/>\n\t<meta name=\"twitter:data1\" content=\"Admin\" \/>\n<script type=\"application\/ld+json\" class=\"yoast-schema-graph\">{\"@context\":\"https:\/\/schema.org\",\"@graph\":[{\"@type\":\"WebPage\",\"@id\":\"https:\/\/soziale-arbeit-mittelmark.de\/archiv\/2018\/06\/06\/einladung-zum-kinder-und-sommerfest\/\",\"url\":\"https:\/\/soziale-arbeit-mittelmark.de\/archiv\/2018\/06\/06\/einladung-zum-kinder-und-sommerfest\/\",\"name\":\"Einladung zum Kinder- und Sommerfest in Bad Belzig\",\"isPartOf\":{\"@id\":\"https:\/\/soziale-arbeit-mittelmark.de\/archiv\/#website\"},\"datePublished\":\"2018-06-06T06:27:26+00:00\",\"dateModified\":\"2018-06-06T06:27:26+00:00\",\"author\":{\"@id\":\"https:\/\/soziale-arbeit-mittelmark.de\/archiv\/#\/schema\/person\/0fd25ff80a55307bad75fcb1f36f8927\"},\"description\":\"Das \u00dcbergangswohnheim im Bad Belzig (Weizgrunder Weg 21) feiert am 13. Juni das j\u00e4hrliche Kinder- und Sommerfest. Ab 13 Uhr gibt es viele Mitmach-Aktionen, auch f\u00fcr das leibliche Wohl wird gesorgt. G\u00e4ste sind herzlich willkommen!\",\"breadcrumb\":{\"@id\":\"https:\/\/soziale-arbeit-mittelmark.de\/archiv\/2018\/06\/06\/einladung-zum-kinder-und-sommerfest\/#breadcrumb\"},\"inLanguage\":\"de\",\"potentialAction\":[{\"@type\":\"ReadAction\",\"target\":[\"https:\/\/soziale-arbeit-mittelmark.de\/archiv\/2018\/06\/06\/einladung-zum-kinder-und-sommerfest\/\"]}]},{\"@type\":\"BreadcrumbList\",\"@id\":\"https:\/\/soziale-arbeit-mittelmark.de\/archiv\/2018\/06\/06\/einladung-zum-kinder-und-sommerfest\/#breadcrumb\",\"itemListElement\":[{\"@type\":\"ListItem\",\"position\":1,\"name\":\"Startseite\",\"item\":\"https:\/\/soziale-arbeit-mittelmark.de\/archiv\/\"},{\"@type\":\"ListItem\",\"position\":2,\"name\":\"Kinder- und Sommerfest im Wohnheim Bad Belzig\"}]},{\"@type\":\"WebSite\",\"@id\":\"https:\/\/soziale-arbeit-mittelmark.de\/archiv\/#website\",\"url\":\"https:\/\/soziale-arbeit-mittelmark.de\/archiv\/\",\"name\":\"Archiv Soziale Arbeit Mittelmark\",\"description\":\"Eine weitere WordPress-Website\",\"potentialAction\":[{\"@type\":\"SearchAction\",\"target\":{\"@type\":\"EntryPoint\",\"urlTemplate\":\"https:\/\/soziale-arbeit-mittelmark.de\/archiv\/?s={search_term_string}\"},\"query-input\":\"required name=search_term_string\"}],\"inLanguage\":\"de\"},{\"@type\":\"Person\",\"@id\":\"https:\/\/soziale-arbeit-mittelmark.de\/archiv\/#\/schema\/person\/0fd25ff80a55307bad75fcb1f36f8927\",\"name\":\"Admin\",\"image\":{\"@type\":\"ImageObject\",\"inLanguage\":\"de\",\"@id\":\"https:\/\/soziale-arbeit-mittelmark.de\/archiv\/#\/schema\/person\/image\/\",\"url\":\"https:\/\/secure.gravatar.com\/avatar\/?s=96&d=mm&r=g\",\"contentUrl\":\"https:\/\/secure.gravatar.com\/avatar\/?s=96&d=mm&r=g\",\"caption\":\"Admin\"},\"url\":\"https:\/\/soziale-arbeit-mittelmark.de\/archiv\/author\/admin\/\"}]}<\/script>\n<!-- \/ Yoast SEO plugin. -->","yoast_head_json":{"title":"Einladung zum Kinder- und Sommerfest in Bad Belzig","description":"Das \u00dcbergangswohnheim im Bad Belzig (Weizgrunder Weg 21) feiert am 13. Juni das j\u00e4hrliche Kinder- und Sommerfest. Ab 13 Uhr gibt es viele Mitmach-Aktionen, auch f\u00fcr das leibliche Wohl wird gesorgt. G\u00e4ste sind herzlich willkommen!","robots":{"index":"index","follow":"follow","max-snippet":"max-snippet:-1","max-image-preview":"max-image-preview:large","max-video-preview":"max-video-preview:-1"},"canonical":"https:\/\/soziale-arbeit-mittelmark.de\/archiv\/2018\/06\/06\/einladung-zum-kinder-und-sommerfest\/","og_locale":"de_DE","og_type":"article","og_title":"Einladung zum Kinder- und Sommerfest in Bad Belzig","og_description":"Das \u00dcbergangswohnheim im Bad Belzig (Weizgrunder Weg 21) feiert am 13. Juni das j\u00e4hrliche Kinder- und Sommerfest. Ab 13 Uhr gibt es viele Mitmach-Aktionen, auch f\u00fcr das leibliche Wohl wird gesorgt. G\u00e4ste sind herzlich willkommen!","og_url":"https:\/\/soziale-arbeit-mittelmark.de\/archiv\/2018\/06\/06\/einladung-zum-kinder-und-sommerfest\/","og_site_name":"Archiv Soziale Arbeit Mittelmark","article_published_time":"2018-06-06T06:27:26+00:00","og_image":[{"width":400,"height":300,"url":"https:\/\/soziale-arbeit-mittelmark.de\/archiv\/wp-content\/uploads\/2018\/06\/RIMG0069-e1529653317784-1.jpg","type":"image\/jpeg"}],"author":"Admin","twitter_card":"summary_large_image","twitter_misc":{"Verfasst von":"Admin"},"schema":{"@context":"https:\/\/schema.org","@graph":[{"@type":"WebPage","@id":"https:\/\/soziale-arbeit-mittelmark.de\/archiv\/2018\/06\/06\/einladung-zum-kinder-und-sommerfest\/","url":"https:\/\/soziale-arbeit-mittelmark.de\/archiv\/2018\/06\/06\/einladung-zum-kinder-und-sommerfest\/","name":"Einladung zum Kinder- und Sommerfest in Bad Belzig","isPartOf":{"@id":"https:\/\/soziale-arbeit-mittelmark.de\/archiv\/#website"},"datePublished":"2018-06-06T06:27:26+00:00","dateModified":"2018-06-06T06:27:26+00:00","author":{"@id":"https:\/\/soziale-arbeit-mittelmark.de\/archiv\/#\/schema\/person\/0fd25ff80a55307bad75fcb1f36f8927"},"description":"Das \u00dcbergangswohnheim im Bad Belzig (Weizgrunder Weg 21) feiert am 13. Juni das j\u00e4hrliche Kinder- und Sommerfest. Ab 13 Uhr gibt es viele Mitmach-Aktionen, auch f\u00fcr das leibliche Wohl wird gesorgt. G\u00e4ste sind herzlich willkommen!","breadcrumb":{"@id":"https:\/\/soziale-arbeit-mittelmark.de\/archiv\/2018\/06\/06\/einladung-zum-kinder-und-sommerfest\/#breadcrumb"},"inLanguage":"de","potentialAction":[{"@type":"ReadAction","target":["https:\/\/soziale-arbeit-mittelmark.de\/archiv\/2018\/06\/06\/einladung-zum-kinder-und-sommerfest\/"]}]},{"@type":"BreadcrumbList","@id":"https:\/\/soziale-arbeit-mittelmark.de\/archiv\/2018\/06\/06\/einladung-zum-kinder-und-sommerfest\/#breadcrumb","itemListElement":[{"@type":"ListItem","position":1,"name":"Startseite","item":"https:\/\/soziale-arbeit-mittelmark.de\/archiv\/"},{"@type":"ListItem","position":2,"name":"Kinder- und Sommerfest im Wohnheim Bad Belzig"}]},{"@type":"WebSite","@id":"https:\/\/soziale-arbeit-mittelmark.de\/archiv\/#website","url":"https:\/\/soziale-arbeit-mittelmark.de\/archiv\/","name":"Archiv Soziale Arbeit Mittelmark","description":"Eine weitere WordPress-Website","potentialAction":[{"@type":"SearchAction","target":{"@type":"EntryPoint","urlTemplate":"https:\/\/soziale-arbeit-mittelmark.de\/archiv\/?s={search_term_string}"},"query-input":"required name=search_term_string"}],"inLanguage":"de"},{"@type":"Person","@id":"https:\/\/soziale-arbeit-mittelmark.de\/archiv\/#\/schema\/person\/0fd25ff80a55307bad75fcb1f36f8927","name":"Admin","image":{"@type":"ImageObject","inLanguage":"de","@id":"https:\/\/soziale-arbeit-mittelmark.de\/archiv\/#\/schema\/person\/image\/","url":"https:\/\/secure.gravatar.com\/avatar\/?s=96&d=mm&r=g","contentUrl":"https:\/\/secure.gravatar.com\/avatar\/?s=96&d=mm&r=g","caption":"Admin"},"url":"https:\/\/soziale-arbeit-mittelmark.de\/archiv\/author\/admin\/"}]}},"_links":{"self":[{"href":"https:\/\/soziale-arbeit-mittelmark.de\/archiv\/wp-json\/wp\/v2\/posts\/2181"}],"collection":[{"href":"https:\/\/soziale-arbeit-mittelmark.de\/archiv\/wp-json\/wp\/v2\/posts"}],"about":[{"href":"https:\/\/soziale-arbeit-mittelmark.de\/archiv\/wp-json\/wp\/v2\/types\/post"}],"author":[{"embeddable":true,"href":"https:\/\/soziale-arbeit-mittelmark.de\/archiv\/wp-json\/wp\/v2\/users\/2"}],"replies":[{"embeddable":true,"href":"https:\/\/soziale-arbeit-mittelmark.de\/archiv\/wp-json\/wp\/v2\/comments?post=2181"}],"version-history":[{"count":0,"href":"https:\/\/soziale-arbeit-mittelmark.de\/archiv\/wp-json\/wp\/v2\/posts\/2181\/revisions"}],"wp:featuredmedia":[{"embeddable":true,"href":"https:\/\/soziale-arbeit-mittelmark.de\/archiv\/wp-json\/wp\/v2\/media\/2200"}],"wp:attachment":[{"href":"https:\/\/soziale-arbeit-mittelmark.de\/archiv\/wp-json\/wp\/v2\/media?parent=2181"}],"wp:term":[{"taxonomy":"category","embeddable":true,"href":"https:\/\/soziale-arbeit-mittelmark.de\/archiv\/wp-json\/wp\/v2\/categories?post=2181"},{"taxonomy":"post_tag","embeddable":true,"href":"https:\/\/soziale-arbeit-mittelmark.de\/archiv\/wp-json\/wp\/v2\/tags?post=2181"}],"curies":[{"name":"wp","href":"https:\/\/api.w.org\/{rel}","templated":true}]}}