{"id":2435,"date":"2018-10-15T09:36:06","date_gmt":"2018-10-15T07:36:06","guid":{"rendered":"https:\/\/www.aafv.de\/?p=2435"},"modified":"2018-10-15T09:36:06","modified_gmt":"2018-10-15T07:36:06","slug":"eine-kutschfahrt-die-ist-lustig","status":"publish","type":"post","link":"https:\/\/soziale-arbeit-mittelmark.de\/archiv\/2018\/10\/15\/eine-kutschfahrt-die-ist-lustig\/","title":{"rendered":"Eine Kutschfahrt, die ist lustig\u2026"},"content":{"rendered":"<p>\t\t\t\tGro\u00dfe Freude gab es f\u00fcr die Kinder im \u00dcbergangswohnheim Bad Belzig, als eine Pferdekutsche auf das Gel\u00e4nde des Heimes einfuhr.<br \/>\nSchon seit langem w\u00fcnschten sich die Kinder eine Ausfahrt mit Pferden.<br \/>\nDank einer Spende von vom Beelitzer Verein \u201eKindersorgen, Sorgenkinder e. V., Vorsitzende Frau Gabriela Schrader, konnten nun die Kinder damit \u00fcberrascht werden.<br \/>\nDer Wagen war bis auf dem letzten Platz besetzt und beim sch\u00f6nsten Wetter ging die Kutschpartie durch den bunten Herbstwald.<\/p>\n<p>Weitere Artikel \u00fcber die Arbeit des AAfV-PM e.V. k\u00f6nnen Sie im <a href=\"https:\/\/www.aafv.de\/archiv\/\">Archiv<\/a> nachlesen!\t\t<\/p>\n","protected":false},"excerpt":{"rendered":"<p>Gro\u00dfe Freude gab es f\u00fcr die Kinder im \u00dcbergangswohnheim Bad Belzig, als eine Pferdekutsche auf das Gel\u00e4nde des Heimes einfuhr. Schon seit langem w\u00fcnschten sich die Kinder eine Ausfahrt mit Pferden. Dank einer Spende von vom Beelitzer Verein \u201eKindersorgen, Sorgenkinder e. V., Vorsitzende Frau Gabriela Schrader, konnten nun die Kinder damit \u00fcberrascht werden. Der Wagen [&hellip;]<\/p>\n","protected":false},"author":2,"featured_media":2437,"comment_status":"closed","ping_status":"closed","sticky":false,"template":"","format":"standard","meta":{"_et_pb_use_builder":"","_et_pb_old_content":"","_et_gb_content_width":""},"categories":[1],"tags":[],"yoast_head":"<!-- This site is optimized with the Yoast SEO plugin v19.14 - https:\/\/yoast.com\/wordpress\/plugins\/seo\/ -->\n<title>Eine Kutschfahrt, die ist lustig\u2026 - Archiv Soziale Arbeit Mittelmark<\/title>\n<meta name=\"robots\" content=\"index, follow, max-snippet:-1, max-image-preview:large, max-video-preview:-1\" \/>\n<link rel=\"canonical\" href=\"https:\/\/soziale-arbeit-mittelmark.de\/archiv\/2018\/10\/15\/eine-kutschfahrt-die-ist-lustig\/\" \/>\n<meta property=\"og:locale\" content=\"de_DE\" \/>\n<meta property=\"og:type\" content=\"article\" \/>\n<meta property=\"og:title\" content=\"Eine Kutschfahrt, die ist lustig\u2026 - Archiv Soziale Arbeit Mittelmark\" \/>\n<meta property=\"og:description\" content=\"Gro\u00dfe Freude gab es f\u00fcr die Kinder im \u00dcbergangswohnheim Bad Belzig, als eine Pferdekutsche auf das Gel\u00e4nde des Heimes einfuhr. Schon seit langem w\u00fcnschten sich die Kinder eine Ausfahrt mit Pferden. Dank einer Spende von vom Beelitzer Verein \u201eKindersorgen, Sorgenkinder e. V., Vorsitzende Frau Gabriela Schrader, konnten nun die Kinder damit \u00fcberrascht werden. Der Wagen [&hellip;]\" \/>\n<meta property=\"og:url\" content=\"https:\/\/soziale-arbeit-mittelmark.de\/archiv\/2018\/10\/15\/eine-kutschfahrt-die-ist-lustig\/\" \/>\n<meta property=\"og:site_name\" content=\"Archiv Soziale Arbeit Mittelmark\" \/>\n<meta property=\"article:published_time\" content=\"2018-10-15T07:36:06+00:00\" \/>\n<meta property=\"og:image\" content=\"https:\/\/soziale-arbeit-mittelmark.de\/archiv\/wp-content\/uploads\/2018\/10\/Kutsche-1.jpg\" \/>\n\t<meta property=\"og:image:width\" content=\"1024\" \/>\n\t<meta property=\"og:image:height\" content=\"768\" \/>\n\t<meta property=\"og:image:type\" content=\"image\/jpeg\" \/>\n<meta name=\"author\" content=\"Admin\" \/>\n<meta name=\"twitter:card\" content=\"summary_large_image\" \/>\n<meta name=\"twitter:label1\" content=\"Verfasst von\" \/>\n\t<meta name=\"twitter:data1\" content=\"Admin\" \/>\n<script type=\"application\/ld+json\" class=\"yoast-schema-graph\">{\"@context\":\"https:\/\/schema.org\",\"@graph\":[{\"@type\":\"WebPage\",\"@id\":\"https:\/\/soziale-arbeit-mittelmark.de\/archiv\/2018\/10\/15\/eine-kutschfahrt-die-ist-lustig\/\",\"url\":\"https:\/\/soziale-arbeit-mittelmark.de\/archiv\/2018\/10\/15\/eine-kutschfahrt-die-ist-lustig\/\",\"name\":\"Eine Kutschfahrt, die ist lustig\u2026 - Archiv Soziale Arbeit Mittelmark\",\"isPartOf\":{\"@id\":\"https:\/\/soziale-arbeit-mittelmark.de\/archiv\/#website\"},\"datePublished\":\"2018-10-15T07:36:06+00:00\",\"dateModified\":\"2018-10-15T07:36:06+00:00\",\"author\":{\"@id\":\"https:\/\/soziale-arbeit-mittelmark.de\/archiv\/#\/schema\/person\/0fd25ff80a55307bad75fcb1f36f8927\"},\"breadcrumb\":{\"@id\":\"https:\/\/soziale-arbeit-mittelmark.de\/archiv\/2018\/10\/15\/eine-kutschfahrt-die-ist-lustig\/#breadcrumb\"},\"inLanguage\":\"de\",\"potentialAction\":[{\"@type\":\"ReadAction\",\"target\":[\"https:\/\/soziale-arbeit-mittelmark.de\/archiv\/2018\/10\/15\/eine-kutschfahrt-die-ist-lustig\/\"]}]},{\"@type\":\"BreadcrumbList\",\"@id\":\"https:\/\/soziale-arbeit-mittelmark.de\/archiv\/2018\/10\/15\/eine-kutschfahrt-die-ist-lustig\/#breadcrumb\",\"itemListElement\":[{\"@type\":\"ListItem\",\"position\":1,\"name\":\"Startseite\",\"item\":\"https:\/\/soziale-arbeit-mittelmark.de\/archiv\/\"},{\"@type\":\"ListItem\",\"position\":2,\"name\":\"Eine Kutschfahrt, die ist lustig\u2026\"}]},{\"@type\":\"WebSite\",\"@id\":\"https:\/\/soziale-arbeit-mittelmark.de\/archiv\/#website\",\"url\":\"https:\/\/soziale-arbeit-mittelmark.de\/archiv\/\",\"name\":\"Archiv Soziale Arbeit Mittelmark\",\"description\":\"Eine weitere WordPress-Website\",\"potentialAction\":[{\"@type\":\"SearchAction\",\"target\":{\"@type\":\"EntryPoint\",\"urlTemplate\":\"https:\/\/soziale-arbeit-mittelmark.de\/archiv\/?s={search_term_string}\"},\"query-input\":\"required name=search_term_string\"}],\"inLanguage\":\"de\"},{\"@type\":\"Person\",\"@id\":\"https:\/\/soziale-arbeit-mittelmark.de\/archiv\/#\/schema\/person\/0fd25ff80a55307bad75fcb1f36f8927\",\"name\":\"Admin\",\"image\":{\"@type\":\"ImageObject\",\"inLanguage\":\"de\",\"@id\":\"https:\/\/soziale-arbeit-mittelmark.de\/archiv\/#\/schema\/person\/image\/\",\"url\":\"https:\/\/secure.gravatar.com\/avatar\/?s=96&d=mm&r=g\",\"contentUrl\":\"https:\/\/secure.gravatar.com\/avatar\/?s=96&d=mm&r=g\",\"caption\":\"Admin\"},\"url\":\"https:\/\/soziale-arbeit-mittelmark.de\/archiv\/author\/admin\/\"}]}<\/script>\n<!-- \/ Yoast SEO plugin. -->","yoast_head_json":{"title":"Eine Kutschfahrt, die ist lustig\u2026 - Archiv Soziale Arbeit Mittelmark","robots":{"index":"index","follow":"follow","max-snippet":"max-snippet:-1","max-image-preview":"max-image-preview:large","max-video-preview":"max-video-preview:-1"},"canonical":"https:\/\/soziale-arbeit-mittelmark.de\/archiv\/2018\/10\/15\/eine-kutschfahrt-die-ist-lustig\/","og_locale":"de_DE","og_type":"article","og_title":"Eine Kutschfahrt, die ist lustig\u2026 - Archiv Soziale Arbeit Mittelmark","og_description":"Gro\u00dfe Freude gab es f\u00fcr die Kinder im \u00dcbergangswohnheim Bad Belzig, als eine Pferdekutsche auf das Gel\u00e4nde des Heimes einfuhr. Schon seit langem w\u00fcnschten sich die Kinder eine Ausfahrt mit Pferden. Dank einer Spende von vom Beelitzer Verein \u201eKindersorgen, Sorgenkinder e. V., Vorsitzende Frau Gabriela Schrader, konnten nun die Kinder damit \u00fcberrascht werden. Der Wagen [&hellip;]","og_url":"https:\/\/soziale-arbeit-mittelmark.de\/archiv\/2018\/10\/15\/eine-kutschfahrt-die-ist-lustig\/","og_site_name":"Archiv Soziale Arbeit Mittelmark","article_published_time":"2018-10-15T07:36:06+00:00","og_image":[{"width":1024,"height":768,"url":"https:\/\/soziale-arbeit-mittelmark.de\/archiv\/wp-content\/uploads\/2018\/10\/Kutsche-1.jpg","type":"image\/jpeg"}],"author":"Admin","twitter_card":"summary_large_image","twitter_misc":{"Verfasst von":"Admin"},"schema":{"@context":"https:\/\/schema.org","@graph":[{"@type":"WebPage","@id":"https:\/\/soziale-arbeit-mittelmark.de\/archiv\/2018\/10\/15\/eine-kutschfahrt-die-ist-lustig\/","url":"https:\/\/soziale-arbeit-mittelmark.de\/archiv\/2018\/10\/15\/eine-kutschfahrt-die-ist-lustig\/","name":"Eine Kutschfahrt, die ist lustig\u2026 - Archiv Soziale Arbeit Mittelmark","isPartOf":{"@id":"https:\/\/soziale-arbeit-mittelmark.de\/archiv\/#website"},"datePublished":"2018-10-15T07:36:06+00:00","dateModified":"2018-10-15T07:36:06+00:00","author":{"@id":"https:\/\/soziale-arbeit-mittelmark.de\/archiv\/#\/schema\/person\/0fd25ff80a55307bad75fcb1f36f8927"},"breadcrumb":{"@id":"https:\/\/soziale-arbeit-mittelmark.de\/archiv\/2018\/10\/15\/eine-kutschfahrt-die-ist-lustig\/#breadcrumb"},"inLanguage":"de","potentialAction":[{"@type":"ReadAction","target":["https:\/\/soziale-arbeit-mittelmark.de\/archiv\/2018\/10\/15\/eine-kutschfahrt-die-ist-lustig\/"]}]},{"@type":"BreadcrumbList","@id":"https:\/\/soziale-arbeit-mittelmark.de\/archiv\/2018\/10\/15\/eine-kutschfahrt-die-ist-lustig\/#breadcrumb","itemListElement":[{"@type":"ListItem","position":1,"name":"Startseite","item":"https:\/\/soziale-arbeit-mittelmark.de\/archiv\/"},{"@type":"ListItem","position":2,"name":"Eine Kutschfahrt, die ist lustig\u2026"}]},{"@type":"WebSite","@id":"https:\/\/soziale-arbeit-mittelmark.de\/archiv\/#website","url":"https:\/\/soziale-arbeit-mittelmark.de\/archiv\/","name":"Archiv Soziale Arbeit Mittelmark","description":"Eine weitere WordPress-Website","potentialAction":[{"@type":"SearchAction","target":{"@type":"EntryPoint","urlTemplate":"https:\/\/soziale-arbeit-mittelmark.de\/archiv\/?s={search_term_string}"},"query-input":"required name=search_term_string"}],"inLanguage":"de"},{"@type":"Person","@id":"https:\/\/soziale-arbeit-mittelmark.de\/archiv\/#\/schema\/person\/0fd25ff80a55307bad75fcb1f36f8927","name":"Admin","image":{"@type":"ImageObject","inLanguage":"de","@id":"https:\/\/soziale-arbeit-mittelmark.de\/archiv\/#\/schema\/person\/image\/","url":"https:\/\/secure.gravatar.com\/avatar\/?s=96&d=mm&r=g","contentUrl":"https:\/\/secure.gravatar.com\/avatar\/?s=96&d=mm&r=g","caption":"Admin"},"url":"https:\/\/soziale-arbeit-mittelmark.de\/archiv\/author\/admin\/"}]}},"_links":{"self":[{"href":"https:\/\/soziale-arbeit-mittelmark.de\/archiv\/wp-json\/wp\/v2\/posts\/2435"}],"collection":[{"href":"https:\/\/soziale-arbeit-mittelmark.de\/archiv\/wp-json\/wp\/v2\/posts"}],"about":[{"href":"https:\/\/soziale-arbeit-mittelmark.de\/archiv\/wp-json\/wp\/v2\/types\/post"}],"author":[{"embeddable":true,"href":"https:\/\/soziale-arbeit-mittelmark.de\/archiv\/wp-json\/wp\/v2\/users\/2"}],"replies":[{"embeddable":true,"href":"https:\/\/soziale-arbeit-mittelmark.de\/archiv\/wp-json\/wp\/v2\/comments?post=2435"}],"version-history":[{"count":0,"href":"https:\/\/soziale-arbeit-mittelmark.de\/archiv\/wp-json\/wp\/v2\/posts\/2435\/revisions"}],"wp:featuredmedia":[{"embeddable":true,"href":"https:\/\/soziale-arbeit-mittelmark.de\/archiv\/wp-json\/wp\/v2\/media\/2437"}],"wp:attachment":[{"href":"https:\/\/soziale-arbeit-mittelmark.de\/archiv\/wp-json\/wp\/v2\/media?parent=2435"}],"wp:term":[{"taxonomy":"category","embeddable":true,"href":"https:\/\/soziale-arbeit-mittelmark.de\/archiv\/wp-json\/wp\/v2\/categories?post=2435"},{"taxonomy":"post_tag","embeddable":true,"href":"https:\/\/soziale-arbeit-mittelmark.de\/archiv\/wp-json\/wp\/v2\/tags?post=2435"}],"curies":[{"name":"wp","href":"https:\/\/api.w.org\/{rel}","templated":true}]}}