{"id":250,"date":"2013-05-06T06:48:30","date_gmt":"2013-05-06T04:48:30","guid":{"rendered":"http:\/\/wp.aafv.de\/2013\/05\/06\/arbeitsverein-suchtb-arbeit-maerkische-allgemeine-06052013\/"},"modified":"2013-05-06T06:48:30","modified_gmt":"2013-05-06T04:48:30","slug":"arbeitsverein-suchtb-arbeit-maerkische-allgemeine-06052013","status":"publish","type":"post","link":"https:\/\/soziale-arbeit-mittelmark.de\/archiv\/2013\/05\/06\/arbeitsverein-suchtb-arbeit-maerkische-allgemeine-06052013\/","title":{"rendered":"Arbeitsverein sucht Arbeit"},"content":{"rendered":"<div class=\"item\">\n<h2 class=\"beitrag\">AAfV will verst\u00e4rkt Asylbewerber betreuen<\/h2>\n<div class=\"textblock_ohne\">\n<p><a name=\"1\"><\/a><\/p>\n<p class=\"hermes_block\">KUHLOWITZ &#8211; Der im Bad Belziger Ortsteil Kuhlowitz ans\u00e4ssige Arbeits- und Ausbildungsf\u00f6rderungsverein Potsdam-Mittelmark (AAfV) m\u00f6chte die Betreuung von Asylbewerbern ausbauen. Das k\u00fcndigte AAfV-Gesch\u00e4ftsf\u00fchrer Roland Leisegang an.<\/p>\n<p class=\"hermes_block\">\u201eDie Arbeit mit Fl\u00fcchtlingen im Landkreis ist f\u00fcr den Verein ein wichtiges Standbein geworden\u201c, erkl\u00e4rte Leisegang in einem Gespr\u00e4ch mit der MAZ. Das Bet\u00e4tigungsfeld werde durch die vermutlich weiter wachsende Zahl von Asylbewerbern an Bedeutung gewinnen, sagte er. \u201eDas Thema hat sich f\u00fcr uns als Verein gut etabliert.\u201c<\/p>\n<p class=\"hermes_block\">Der AAfV betreibt im Auftrag des Landratsamtes das Bad Belziger \u00dcbergangswohnheim sowie die jetzt von der Kreisverwaltung neu angemieteten Fl\u00fcchtlingsunterk\u00fcnfte in Teltow und Beelitz-Heilst\u00e4tten. Der AAfV besch\u00e4ftigt in der Bad Belziger Einrichtung einen Koordinator sowie zwei Sozialp\u00e4dagogen. Letztere sind nun auch f\u00fcr das Beelitzer Quartier mit zust\u00e4ndig. Dort leben seit kurzem 29 Asylbewerber, 38 sollen es einmal werden.<\/p>\n<p class=\"hermes_block\">In Teltow sind ebenfalls ein Koordinator und zwei Sozialarbeiter des AAfV aktiv. Von den dort eingerichteten 170 Pl\u00e4tzen sind bisher schon 130 bezogen.<\/p>\n<p class=\"hermes_block\">\u201eAsyl ist ein wichtiges Thema f\u00fcr den AAfV\u201c, erkl\u00e4rte auch deren Vorsitzende Eveline Vogel. \u201eDoch wir m\u00fcssen nun auch neue Standbeine finden\u201c, sagte Vogel. Sie ist die Wirtschaftsf\u00f6rderin von Potsdam-Mittelmark.<\/p>\n<p class=\"hermes_block\">Nach den drastischen Geldk\u00fcrzungen f\u00fcr Ein-Euro-Jobs und einem radikalen Stellenabbau sucht der Arbeits- und Ausbildungsf\u00f6rderungsverein (AAfV) nun eine neue Orientierung. \u201eWir haben eine \u00dcberlebenschance\u201c, sagte Roland Leisegang. \u201eAber wir m\u00fcssen jetzt auch wissen, wo wir \u00fcberhaupt hinwollen.\u201c<\/p>\n<p class=\"hermes_block\">Der Gesch\u00e4ftsf\u00fchrer erstellt gerade eine Wirtschaftlichkeitsanalyse. Es gebe \u00dcberlegungen f\u00fcr eine Genossenschaft, eine gemeinn\u00fctzige Gesellschaft oder einen Zweckbetrieb, so Leisegang. \u201eNat\u00fcrlich wird auch gepr\u00fcft, ob die Strukturen so bleiben k\u00f6nnen, wie sie sind\u201c, erkl\u00e4rte er. \u201eDie oberste Pr\u00e4misse ist, Menschen in Besch\u00e4ftigung zu bringen und als Dienstleister f\u00fcr Kommunen zu fungieren\u201c , so der Gesch\u00e4ftsf\u00fchrer.<\/p>\n<p class=\"hermes_block\">Der Verein hat bereits seine erste Radikalkur hinter sich. Von einst in Spitzenzeiten bis zu 150 Besch\u00e4ftigten sind noch 51 verblieben. Der Kreis musste den AAfV vor zwei Jahren durch eine immense Geldspritze vor der Pleite bewahren (die MAZ berichtete). (Von Hermann M. Schr\u00f6der)<\/p>\n<p>Maerkische Allgemeine 06.05.2013<\/p>\n<\/div>\n<\/div>\n","protected":false},"excerpt":{"rendered":"<p>AAfV will verst\u00e4rkt Asylbewerber betreuen KUHLOWITZ &#8211; Der im Bad Belziger Ortsteil Kuhlowitz ans\u00e4ssige Arbeits- und Ausbildungsf\u00f6rderungsverein Potsdam-Mittelmark (AAfV) m\u00f6chte die Betreuung von Asylbewerbern ausbauen. Das k\u00fcndigte AAfV-Gesch\u00e4ftsf\u00fchrer Roland Leisegang an. \u201eDie Arbeit mit Fl\u00fcchtlingen im Landkreis ist f\u00fcr den Verein ein wichtiges Standbein geworden\u201c, erkl\u00e4rte Leisegang in einem Gespr\u00e4ch mit der MAZ. Das Bet\u00e4tigungsfeld [&hellip;]<\/p>\n","protected":false},"author":2,"featured_media":0,"comment_status":"open","ping_status":"open","sticky":false,"template":"","format":"standard","meta":{"_et_pb_use_builder":"","_et_pb_old_content":"","_et_gb_content_width":""},"categories":[2],"tags":[],"yoast_head":"<!-- This site is optimized with the Yoast SEO plugin v19.14 - https:\/\/yoast.com\/wordpress\/plugins\/seo\/ -->\n<title>Arbeitsverein sucht Arbeit - Archiv Soziale Arbeit Mittelmark<\/title>\n<meta name=\"robots\" content=\"index, follow, max-snippet:-1, max-image-preview:large, max-video-preview:-1\" \/>\n<link rel=\"canonical\" href=\"https:\/\/soziale-arbeit-mittelmark.de\/archiv\/2013\/05\/06\/arbeitsverein-suchtb-arbeit-maerkische-allgemeine-06052013\/\" \/>\n<meta property=\"og:locale\" content=\"de_DE\" \/>\n<meta property=\"og:type\" content=\"article\" \/>\n<meta property=\"og:title\" content=\"Arbeitsverein sucht Arbeit - Archiv Soziale Arbeit Mittelmark\" \/>\n<meta property=\"og:description\" content=\"AAfV will verst\u00e4rkt Asylbewerber betreuen KUHLOWITZ &#8211; Der im Bad Belziger Ortsteil Kuhlowitz ans\u00e4ssige Arbeits- und Ausbildungsf\u00f6rderungsverein Potsdam-Mittelmark (AAfV) m\u00f6chte die Betreuung von Asylbewerbern ausbauen. Das k\u00fcndigte AAfV-Gesch\u00e4ftsf\u00fchrer Roland Leisegang an. \u201eDie Arbeit mit Fl\u00fcchtlingen im Landkreis ist f\u00fcr den Verein ein wichtiges Standbein geworden\u201c, erkl\u00e4rte Leisegang in einem Gespr\u00e4ch mit der MAZ. Das Bet\u00e4tigungsfeld [&hellip;]\" \/>\n<meta property=\"og:url\" content=\"https:\/\/soziale-arbeit-mittelmark.de\/archiv\/2013\/05\/06\/arbeitsverein-suchtb-arbeit-maerkische-allgemeine-06052013\/\" \/>\n<meta property=\"og:site_name\" content=\"Archiv Soziale Arbeit Mittelmark\" \/>\n<meta property=\"article:published_time\" content=\"2013-05-06T04:48:30+00:00\" \/>\n<meta name=\"author\" content=\"Admin\" \/>\n<meta name=\"twitter:card\" content=\"summary_large_image\" \/>\n<meta name=\"twitter:label1\" content=\"Verfasst von\" \/>\n\t<meta name=\"twitter:data1\" content=\"Admin\" \/>\n\t<meta name=\"twitter:label2\" content=\"Gesch\u00e4tzte Lesezeit\" \/>\n\t<meta name=\"twitter:data2\" content=\"2\u00a0Minuten\" \/>\n<script type=\"application\/ld+json\" class=\"yoast-schema-graph\">{\"@context\":\"https:\/\/schema.org\",\"@graph\":[{\"@type\":\"WebPage\",\"@id\":\"https:\/\/soziale-arbeit-mittelmark.de\/archiv\/2013\/05\/06\/arbeitsverein-suchtb-arbeit-maerkische-allgemeine-06052013\/\",\"url\":\"https:\/\/soziale-arbeit-mittelmark.de\/archiv\/2013\/05\/06\/arbeitsverein-suchtb-arbeit-maerkische-allgemeine-06052013\/\",\"name\":\"Arbeitsverein sucht Arbeit - Archiv Soziale Arbeit Mittelmark\",\"isPartOf\":{\"@id\":\"https:\/\/soziale-arbeit-mittelmark.de\/archiv\/#website\"},\"datePublished\":\"2013-05-06T04:48:30+00:00\",\"dateModified\":\"2013-05-06T04:48:30+00:00\",\"author\":{\"@id\":\"https:\/\/soziale-arbeit-mittelmark.de\/archiv\/#\/schema\/person\/0fd25ff80a55307bad75fcb1f36f8927\"},\"breadcrumb\":{\"@id\":\"https:\/\/soziale-arbeit-mittelmark.de\/archiv\/2013\/05\/06\/arbeitsverein-suchtb-arbeit-maerkische-allgemeine-06052013\/#breadcrumb\"},\"inLanguage\":\"de\",\"potentialAction\":[{\"@type\":\"ReadAction\",\"target\":[\"https:\/\/soziale-arbeit-mittelmark.de\/archiv\/2013\/05\/06\/arbeitsverein-suchtb-arbeit-maerkische-allgemeine-06052013\/\"]}]},{\"@type\":\"BreadcrumbList\",\"@id\":\"https:\/\/soziale-arbeit-mittelmark.de\/archiv\/2013\/05\/06\/arbeitsverein-suchtb-arbeit-maerkische-allgemeine-06052013\/#breadcrumb\",\"itemListElement\":[{\"@type\":\"ListItem\",\"position\":1,\"name\":\"Startseite\",\"item\":\"https:\/\/soziale-arbeit-mittelmark.de\/archiv\/\"},{\"@type\":\"ListItem\",\"position\":2,\"name\":\"Arbeitsverein sucht Arbeit\"}]},{\"@type\":\"WebSite\",\"@id\":\"https:\/\/soziale-arbeit-mittelmark.de\/archiv\/#website\",\"url\":\"https:\/\/soziale-arbeit-mittelmark.de\/archiv\/\",\"name\":\"Archiv Soziale Arbeit Mittelmark\",\"description\":\"Eine weitere WordPress-Website\",\"potentialAction\":[{\"@type\":\"SearchAction\",\"target\":{\"@type\":\"EntryPoint\",\"urlTemplate\":\"https:\/\/soziale-arbeit-mittelmark.de\/archiv\/?s={search_term_string}\"},\"query-input\":\"required name=search_term_string\"}],\"inLanguage\":\"de\"},{\"@type\":\"Person\",\"@id\":\"https:\/\/soziale-arbeit-mittelmark.de\/archiv\/#\/schema\/person\/0fd25ff80a55307bad75fcb1f36f8927\",\"name\":\"Admin\",\"image\":{\"@type\":\"ImageObject\",\"inLanguage\":\"de\",\"@id\":\"https:\/\/soziale-arbeit-mittelmark.de\/archiv\/#\/schema\/person\/image\/\",\"url\":\"https:\/\/secure.gravatar.com\/avatar\/?s=96&d=mm&r=g\",\"contentUrl\":\"https:\/\/secure.gravatar.com\/avatar\/?s=96&d=mm&r=g\",\"caption\":\"Admin\"},\"url\":\"https:\/\/soziale-arbeit-mittelmark.de\/archiv\/author\/admin\/\"}]}<\/script>\n<!-- \/ Yoast SEO plugin. -->","yoast_head_json":{"title":"Arbeitsverein sucht Arbeit - Archiv Soziale Arbeit Mittelmark","robots":{"index":"index","follow":"follow","max-snippet":"max-snippet:-1","max-image-preview":"max-image-preview:large","max-video-preview":"max-video-preview:-1"},"canonical":"https:\/\/soziale-arbeit-mittelmark.de\/archiv\/2013\/05\/06\/arbeitsverein-suchtb-arbeit-maerkische-allgemeine-06052013\/","og_locale":"de_DE","og_type":"article","og_title":"Arbeitsverein sucht Arbeit - Archiv Soziale Arbeit Mittelmark","og_description":"AAfV will verst\u00e4rkt Asylbewerber betreuen KUHLOWITZ &#8211; Der im Bad Belziger Ortsteil Kuhlowitz ans\u00e4ssige Arbeits- und Ausbildungsf\u00f6rderungsverein Potsdam-Mittelmark (AAfV) m\u00f6chte die Betreuung von Asylbewerbern ausbauen. Das k\u00fcndigte AAfV-Gesch\u00e4ftsf\u00fchrer Roland Leisegang an. \u201eDie Arbeit mit Fl\u00fcchtlingen im Landkreis ist f\u00fcr den Verein ein wichtiges Standbein geworden\u201c, erkl\u00e4rte Leisegang in einem Gespr\u00e4ch mit der MAZ. Das Bet\u00e4tigungsfeld [&hellip;]","og_url":"https:\/\/soziale-arbeit-mittelmark.de\/archiv\/2013\/05\/06\/arbeitsverein-suchtb-arbeit-maerkische-allgemeine-06052013\/","og_site_name":"Archiv Soziale Arbeit Mittelmark","article_published_time":"2013-05-06T04:48:30+00:00","author":"Admin","twitter_card":"summary_large_image","twitter_misc":{"Verfasst von":"Admin","Gesch\u00e4tzte Lesezeit":"2\u00a0Minuten"},"schema":{"@context":"https:\/\/schema.org","@graph":[{"@type":"WebPage","@id":"https:\/\/soziale-arbeit-mittelmark.de\/archiv\/2013\/05\/06\/arbeitsverein-suchtb-arbeit-maerkische-allgemeine-06052013\/","url":"https:\/\/soziale-arbeit-mittelmark.de\/archiv\/2013\/05\/06\/arbeitsverein-suchtb-arbeit-maerkische-allgemeine-06052013\/","name":"Arbeitsverein sucht Arbeit - Archiv Soziale Arbeit Mittelmark","isPartOf":{"@id":"https:\/\/soziale-arbeit-mittelmark.de\/archiv\/#website"},"datePublished":"2013-05-06T04:48:30+00:00","dateModified":"2013-05-06T04:48:30+00:00","author":{"@id":"https:\/\/soziale-arbeit-mittelmark.de\/archiv\/#\/schema\/person\/0fd25ff80a55307bad75fcb1f36f8927"},"breadcrumb":{"@id":"https:\/\/soziale-arbeit-mittelmark.de\/archiv\/2013\/05\/06\/arbeitsverein-suchtb-arbeit-maerkische-allgemeine-06052013\/#breadcrumb"},"inLanguage":"de","potentialAction":[{"@type":"ReadAction","target":["https:\/\/soziale-arbeit-mittelmark.de\/archiv\/2013\/05\/06\/arbeitsverein-suchtb-arbeit-maerkische-allgemeine-06052013\/"]}]},{"@type":"BreadcrumbList","@id":"https:\/\/soziale-arbeit-mittelmark.de\/archiv\/2013\/05\/06\/arbeitsverein-suchtb-arbeit-maerkische-allgemeine-06052013\/#breadcrumb","itemListElement":[{"@type":"ListItem","position":1,"name":"Startseite","item":"https:\/\/soziale-arbeit-mittelmark.de\/archiv\/"},{"@type":"ListItem","position":2,"name":"Arbeitsverein sucht Arbeit"}]},{"@type":"WebSite","@id":"https:\/\/soziale-arbeit-mittelmark.de\/archiv\/#website","url":"https:\/\/soziale-arbeit-mittelmark.de\/archiv\/","name":"Archiv Soziale Arbeit Mittelmark","description":"Eine weitere WordPress-Website","potentialAction":[{"@type":"SearchAction","target":{"@type":"EntryPoint","urlTemplate":"https:\/\/soziale-arbeit-mittelmark.de\/archiv\/?s={search_term_string}"},"query-input":"required name=search_term_string"}],"inLanguage":"de"},{"@type":"Person","@id":"https:\/\/soziale-arbeit-mittelmark.de\/archiv\/#\/schema\/person\/0fd25ff80a55307bad75fcb1f36f8927","name":"Admin","image":{"@type":"ImageObject","inLanguage":"de","@id":"https:\/\/soziale-arbeit-mittelmark.de\/archiv\/#\/schema\/person\/image\/","url":"https:\/\/secure.gravatar.com\/avatar\/?s=96&d=mm&r=g","contentUrl":"https:\/\/secure.gravatar.com\/avatar\/?s=96&d=mm&r=g","caption":"Admin"},"url":"https:\/\/soziale-arbeit-mittelmark.de\/archiv\/author\/admin\/"}]}},"_links":{"self":[{"href":"https:\/\/soziale-arbeit-mittelmark.de\/archiv\/wp-json\/wp\/v2\/posts\/250"}],"collection":[{"href":"https:\/\/soziale-arbeit-mittelmark.de\/archiv\/wp-json\/wp\/v2\/posts"}],"about":[{"href":"https:\/\/soziale-arbeit-mittelmark.de\/archiv\/wp-json\/wp\/v2\/types\/post"}],"author":[{"embeddable":true,"href":"https:\/\/soziale-arbeit-mittelmark.de\/archiv\/wp-json\/wp\/v2\/users\/2"}],"replies":[{"embeddable":true,"href":"https:\/\/soziale-arbeit-mittelmark.de\/archiv\/wp-json\/wp\/v2\/comments?post=250"}],"version-history":[{"count":0,"href":"https:\/\/soziale-arbeit-mittelmark.de\/archiv\/wp-json\/wp\/v2\/posts\/250\/revisions"}],"wp:attachment":[{"href":"https:\/\/soziale-arbeit-mittelmark.de\/archiv\/wp-json\/wp\/v2\/media?parent=250"}],"wp:term":[{"taxonomy":"category","embeddable":true,"href":"https:\/\/soziale-arbeit-mittelmark.de\/archiv\/wp-json\/wp\/v2\/categories?post=250"},{"taxonomy":"post_tag","embeddable":true,"href":"https:\/\/soziale-arbeit-mittelmark.de\/archiv\/wp-json\/wp\/v2\/tags?post=250"}],"curies":[{"name":"wp","href":"https:\/\/api.w.org\/{rel}","templated":true}]}}