{"id":2505,"date":"2018-12-10T08:22:49","date_gmt":"2018-12-10T07:22:49","guid":{"rendered":"https:\/\/www.aafv.de\/?p=2505"},"modified":"2018-12-10T08:22:49","modified_gmt":"2018-12-10T07:22:49","slug":"mitarbeiterversammlung-2","status":"publish","type":"post","link":"https:\/\/soziale-arbeit-mittelmark.de\/archiv\/2018\/12\/10\/mitarbeiterversammlung-2\/","title":{"rendered":"Mitarbeiterversammlung des AAfV-PM e.V."},"content":{"rendered":"\n\t\t\t\t\n<p>In diesem Jahr trafen sich alle Mitarbeiter*innen des AAfV-PM e.V. zur j\u00e4hrlichen Mitarbeiterversammlung im historischen Kreistagssaal in Bad Belzig. Am Vormittag berichtete der Gesch\u00e4ftsf\u00fchrer Herr Blatt \u00fcber die aktuellen Entwicklungen im Verein und skizzierte einen Ausblick auf das kommende Jahr. Mit gro\u00dfem Applaus wurden drei langj\u00e4hrige Mitarbeiter des AAfV verabschiedet: Herr Haendschke, der 20 Jahre lang die Arbeit des Vereins gepr\u00e4gt hat, sowie Herr Eismann und Frau Bandur.<br>Zum inhaltlichen Pflichtteil geh\u00f6rten eine Datenschutzschulung und eine Unterweisung in Arbeitsschutz. Zeit zum kollegialen Austausch gab es anschlie\u00dfend bei einem gemeinsamen Mittagessen. Wer wollte konnte beim Spaziergang auf die Burg Eisenhardt vom Turm aus \u00fcber den Hohen Fl\u00e4ming blicken und bei \u201eKaffee &amp; Kuchen\u201c in vorweihnachtlicher Atmosph\u00e4re den Tag ausklingen lassen.<br><br><br><br>Weitere Artikel \u00fcber die Arbeit des AAfV-PM e.V. k\u00f6nnen Sie im <a href=\"https:\/\/www.aafv.de\/archiv\/\">Archiv<\/a> nachlesen!<\/p>\n\t\t","protected":false},"excerpt":{"rendered":"<p>In diesem Jahr trafen sich alle Mitarbeiter*innen des AAfV-PM e.V. zur j\u00e4hrlichen Mitarbeiterversammlung im historischen Kreistagssaal in Bad Belzig. Am Vormittag berichtete der Gesch\u00e4ftsf\u00fchrer Herr Blatt \u00fcber die aktuellen Entwicklungen im Verein und skizzierte einen Ausblick auf das kommende Jahr. Mit gro\u00dfem Applaus wurden drei langj\u00e4hrige Mitarbeiter des AAfV verabschiedet: Herr Haendschke, der 20 Jahre [&hellip;]<\/p>\n","protected":false},"author":2,"featured_media":2507,"comment_status":"closed","ping_status":"closed","sticky":false,"template":"","format":"standard","meta":{"_et_pb_use_builder":"","_et_pb_old_content":"","_et_gb_content_width":""},"categories":[7],"tags":[],"yoast_head":"<!-- This site is optimized with the Yoast SEO plugin v19.14 - https:\/\/yoast.com\/wordpress\/plugins\/seo\/ -->\n<title>Mitarbeiterversammlung des AAfV-PM e.V. - Archiv Soziale Arbeit Mittelmark<\/title>\n<meta name=\"robots\" content=\"index, follow, max-snippet:-1, max-image-preview:large, max-video-preview:-1\" \/>\n<link rel=\"canonical\" href=\"https:\/\/soziale-arbeit-mittelmark.de\/archiv\/2018\/12\/10\/mitarbeiterversammlung-2\/\" \/>\n<meta property=\"og:locale\" content=\"de_DE\" \/>\n<meta property=\"og:type\" content=\"article\" \/>\n<meta property=\"og:title\" content=\"Mitarbeiterversammlung des AAfV-PM e.V. - Archiv Soziale Arbeit Mittelmark\" \/>\n<meta property=\"og:description\" content=\"In diesem Jahr trafen sich alle Mitarbeiter*innen des AAfV-PM e.V. zur j\u00e4hrlichen Mitarbeiterversammlung im historischen Kreistagssaal in Bad Belzig. Am Vormittag berichtete der Gesch\u00e4ftsf\u00fchrer Herr Blatt \u00fcber die aktuellen Entwicklungen im Verein und skizzierte einen Ausblick auf das kommende Jahr. Mit gro\u00dfem Applaus wurden drei langj\u00e4hrige Mitarbeiter des AAfV verabschiedet: Herr Haendschke, der 20 Jahre [&hellip;]\" \/>\n<meta property=\"og:url\" content=\"https:\/\/soziale-arbeit-mittelmark.de\/archiv\/2018\/12\/10\/mitarbeiterversammlung-2\/\" \/>\n<meta property=\"og:site_name\" content=\"Archiv Soziale Arbeit Mittelmark\" \/>\n<meta property=\"article:published_time\" content=\"2018-12-10T07:22:49+00:00\" \/>\n<meta property=\"og:image\" content=\"https:\/\/soziale-arbeit-mittelmark.de\/archiv\/wp-content\/uploads\/2018\/12\/Turmaussicht-1.jpg\" \/>\n\t<meta property=\"og:image:width\" content=\"630\" \/>\n\t<meta property=\"og:image:height\" content=\"427\" \/>\n\t<meta property=\"og:image:type\" content=\"image\/jpeg\" \/>\n<meta name=\"author\" content=\"Admin\" \/>\n<meta name=\"twitter:card\" content=\"summary_large_image\" \/>\n<meta name=\"twitter:label1\" content=\"Verfasst von\" \/>\n\t<meta name=\"twitter:data1\" content=\"Admin\" \/>\n\t<meta name=\"twitter:label2\" content=\"Gesch\u00e4tzte Lesezeit\" \/>\n\t<meta name=\"twitter:data2\" content=\"1\u00a0Minute\" \/>\n<script type=\"application\/ld+json\" class=\"yoast-schema-graph\">{\"@context\":\"https:\/\/schema.org\",\"@graph\":[{\"@type\":\"WebPage\",\"@id\":\"https:\/\/soziale-arbeit-mittelmark.de\/archiv\/2018\/12\/10\/mitarbeiterversammlung-2\/\",\"url\":\"https:\/\/soziale-arbeit-mittelmark.de\/archiv\/2018\/12\/10\/mitarbeiterversammlung-2\/\",\"name\":\"Mitarbeiterversammlung des AAfV-PM e.V. - Archiv Soziale Arbeit Mittelmark\",\"isPartOf\":{\"@id\":\"https:\/\/soziale-arbeit-mittelmark.de\/archiv\/#website\"},\"datePublished\":\"2018-12-10T07:22:49+00:00\",\"dateModified\":\"2018-12-10T07:22:49+00:00\",\"author\":{\"@id\":\"https:\/\/soziale-arbeit-mittelmark.de\/archiv\/#\/schema\/person\/0fd25ff80a55307bad75fcb1f36f8927\"},\"breadcrumb\":{\"@id\":\"https:\/\/soziale-arbeit-mittelmark.de\/archiv\/2018\/12\/10\/mitarbeiterversammlung-2\/#breadcrumb\"},\"inLanguage\":\"de\",\"potentialAction\":[{\"@type\":\"ReadAction\",\"target\":[\"https:\/\/soziale-arbeit-mittelmark.de\/archiv\/2018\/12\/10\/mitarbeiterversammlung-2\/\"]}]},{\"@type\":\"BreadcrumbList\",\"@id\":\"https:\/\/soziale-arbeit-mittelmark.de\/archiv\/2018\/12\/10\/mitarbeiterversammlung-2\/#breadcrumb\",\"itemListElement\":[{\"@type\":\"ListItem\",\"position\":1,\"name\":\"Startseite\",\"item\":\"https:\/\/soziale-arbeit-mittelmark.de\/archiv\/\"},{\"@type\":\"ListItem\",\"position\":2,\"name\":\"Mitarbeiterversammlung des AAfV-PM e.V.\"}]},{\"@type\":\"WebSite\",\"@id\":\"https:\/\/soziale-arbeit-mittelmark.de\/archiv\/#website\",\"url\":\"https:\/\/soziale-arbeit-mittelmark.de\/archiv\/\",\"name\":\"Archiv Soziale Arbeit Mittelmark\",\"description\":\"Eine weitere WordPress-Website\",\"potentialAction\":[{\"@type\":\"SearchAction\",\"target\":{\"@type\":\"EntryPoint\",\"urlTemplate\":\"https:\/\/soziale-arbeit-mittelmark.de\/archiv\/?s={search_term_string}\"},\"query-input\":\"required name=search_term_string\"}],\"inLanguage\":\"de\"},{\"@type\":\"Person\",\"@id\":\"https:\/\/soziale-arbeit-mittelmark.de\/archiv\/#\/schema\/person\/0fd25ff80a55307bad75fcb1f36f8927\",\"name\":\"Admin\",\"image\":{\"@type\":\"ImageObject\",\"inLanguage\":\"de\",\"@id\":\"https:\/\/soziale-arbeit-mittelmark.de\/archiv\/#\/schema\/person\/image\/\",\"url\":\"https:\/\/secure.gravatar.com\/avatar\/?s=96&d=mm&r=g\",\"contentUrl\":\"https:\/\/secure.gravatar.com\/avatar\/?s=96&d=mm&r=g\",\"caption\":\"Admin\"},\"url\":\"https:\/\/soziale-arbeit-mittelmark.de\/archiv\/author\/admin\/\"}]}<\/script>\n<!-- \/ Yoast SEO plugin. -->","yoast_head_json":{"title":"Mitarbeiterversammlung des AAfV-PM e.V. - Archiv Soziale Arbeit Mittelmark","robots":{"index":"index","follow":"follow","max-snippet":"max-snippet:-1","max-image-preview":"max-image-preview:large","max-video-preview":"max-video-preview:-1"},"canonical":"https:\/\/soziale-arbeit-mittelmark.de\/archiv\/2018\/12\/10\/mitarbeiterversammlung-2\/","og_locale":"de_DE","og_type":"article","og_title":"Mitarbeiterversammlung des AAfV-PM e.V. - Archiv Soziale Arbeit Mittelmark","og_description":"In diesem Jahr trafen sich alle Mitarbeiter*innen des AAfV-PM e.V. zur j\u00e4hrlichen Mitarbeiterversammlung im historischen Kreistagssaal in Bad Belzig. Am Vormittag berichtete der Gesch\u00e4ftsf\u00fchrer Herr Blatt \u00fcber die aktuellen Entwicklungen im Verein und skizzierte einen Ausblick auf das kommende Jahr. Mit gro\u00dfem Applaus wurden drei langj\u00e4hrige Mitarbeiter des AAfV verabschiedet: Herr Haendschke, der 20 Jahre [&hellip;]","og_url":"https:\/\/soziale-arbeit-mittelmark.de\/archiv\/2018\/12\/10\/mitarbeiterversammlung-2\/","og_site_name":"Archiv Soziale Arbeit Mittelmark","article_published_time":"2018-12-10T07:22:49+00:00","og_image":[{"width":630,"height":427,"url":"https:\/\/soziale-arbeit-mittelmark.de\/archiv\/wp-content\/uploads\/2018\/12\/Turmaussicht-1.jpg","type":"image\/jpeg"}],"author":"Admin","twitter_card":"summary_large_image","twitter_misc":{"Verfasst von":"Admin","Gesch\u00e4tzte Lesezeit":"1\u00a0Minute"},"schema":{"@context":"https:\/\/schema.org","@graph":[{"@type":"WebPage","@id":"https:\/\/soziale-arbeit-mittelmark.de\/archiv\/2018\/12\/10\/mitarbeiterversammlung-2\/","url":"https:\/\/soziale-arbeit-mittelmark.de\/archiv\/2018\/12\/10\/mitarbeiterversammlung-2\/","name":"Mitarbeiterversammlung des AAfV-PM e.V. - Archiv Soziale Arbeit Mittelmark","isPartOf":{"@id":"https:\/\/soziale-arbeit-mittelmark.de\/archiv\/#website"},"datePublished":"2018-12-10T07:22:49+00:00","dateModified":"2018-12-10T07:22:49+00:00","author":{"@id":"https:\/\/soziale-arbeit-mittelmark.de\/archiv\/#\/schema\/person\/0fd25ff80a55307bad75fcb1f36f8927"},"breadcrumb":{"@id":"https:\/\/soziale-arbeit-mittelmark.de\/archiv\/2018\/12\/10\/mitarbeiterversammlung-2\/#breadcrumb"},"inLanguage":"de","potentialAction":[{"@type":"ReadAction","target":["https:\/\/soziale-arbeit-mittelmark.de\/archiv\/2018\/12\/10\/mitarbeiterversammlung-2\/"]}]},{"@type":"BreadcrumbList","@id":"https:\/\/soziale-arbeit-mittelmark.de\/archiv\/2018\/12\/10\/mitarbeiterversammlung-2\/#breadcrumb","itemListElement":[{"@type":"ListItem","position":1,"name":"Startseite","item":"https:\/\/soziale-arbeit-mittelmark.de\/archiv\/"},{"@type":"ListItem","position":2,"name":"Mitarbeiterversammlung des AAfV-PM e.V."}]},{"@type":"WebSite","@id":"https:\/\/soziale-arbeit-mittelmark.de\/archiv\/#website","url":"https:\/\/soziale-arbeit-mittelmark.de\/archiv\/","name":"Archiv Soziale Arbeit Mittelmark","description":"Eine weitere WordPress-Website","potentialAction":[{"@type":"SearchAction","target":{"@type":"EntryPoint","urlTemplate":"https:\/\/soziale-arbeit-mittelmark.de\/archiv\/?s={search_term_string}"},"query-input":"required name=search_term_string"}],"inLanguage":"de"},{"@type":"Person","@id":"https:\/\/soziale-arbeit-mittelmark.de\/archiv\/#\/schema\/person\/0fd25ff80a55307bad75fcb1f36f8927","name":"Admin","image":{"@type":"ImageObject","inLanguage":"de","@id":"https:\/\/soziale-arbeit-mittelmark.de\/archiv\/#\/schema\/person\/image\/","url":"https:\/\/secure.gravatar.com\/avatar\/?s=96&d=mm&r=g","contentUrl":"https:\/\/secure.gravatar.com\/avatar\/?s=96&d=mm&r=g","caption":"Admin"},"url":"https:\/\/soziale-arbeit-mittelmark.de\/archiv\/author\/admin\/"}]}},"_links":{"self":[{"href":"https:\/\/soziale-arbeit-mittelmark.de\/archiv\/wp-json\/wp\/v2\/posts\/2505"}],"collection":[{"href":"https:\/\/soziale-arbeit-mittelmark.de\/archiv\/wp-json\/wp\/v2\/posts"}],"about":[{"href":"https:\/\/soziale-arbeit-mittelmark.de\/archiv\/wp-json\/wp\/v2\/types\/post"}],"author":[{"embeddable":true,"href":"https:\/\/soziale-arbeit-mittelmark.de\/archiv\/wp-json\/wp\/v2\/users\/2"}],"replies":[{"embeddable":true,"href":"https:\/\/soziale-arbeit-mittelmark.de\/archiv\/wp-json\/wp\/v2\/comments?post=2505"}],"version-history":[{"count":0,"href":"https:\/\/soziale-arbeit-mittelmark.de\/archiv\/wp-json\/wp\/v2\/posts\/2505\/revisions"}],"wp:featuredmedia":[{"embeddable":true,"href":"https:\/\/soziale-arbeit-mittelmark.de\/archiv\/wp-json\/wp\/v2\/media\/2507"}],"wp:attachment":[{"href":"https:\/\/soziale-arbeit-mittelmark.de\/archiv\/wp-json\/wp\/v2\/media?parent=2505"}],"wp:term":[{"taxonomy":"category","embeddable":true,"href":"https:\/\/soziale-arbeit-mittelmark.de\/archiv\/wp-json\/wp\/v2\/categories?post=2505"},{"taxonomy":"post_tag","embeddable":true,"href":"https:\/\/soziale-arbeit-mittelmark.de\/archiv\/wp-json\/wp\/v2\/tags?post=2505"}],"curies":[{"name":"wp","href":"https:\/\/api.w.org\/{rel}","templated":true}]}}