{"id":2662,"date":"2019-01-18T12:46:54","date_gmt":"2019-01-18T11:46:54","guid":{"rendered":"https:\/\/www.aafv.de\/?p=2662"},"modified":"2019-01-18T12:46:54","modified_gmt":"2019-01-18T11:46:54","slug":"qualitaetssiegel-fuer-den-burgenwanderweg","status":"publish","type":"post","link":"https:\/\/soziale-arbeit-mittelmark.de\/archiv\/2019\/01\/18\/qualitaetssiegel-fuer-den-burgenwanderweg\/","title":{"rendered":"Qualit\u00e4tssiegel f\u00fcr den Burgenwanderweg"},"content":{"rendered":"\n\t\t\t\t\n<p>Nach der erstmaligen Verleihung 2010 hat der Burgenwanderweg nun schon zum vierten Mal das <a href=\"https:\/\/www.wanderbares-deutschland.de\/wanderwege#burgenwanderweg-\">Qualit\u00e4tssiegel \u201eWanderbares Deutschland\u201c <\/a>verliehen bekommen. Dietmar B\u00f6lke vom Fachdienst Wirtschaftsf\u00f6rderung, Tourismus und Regionalentwicklung des Landkreises, verantwortlich f\u00fcr das touristische Wegenetz und Petra Straube Leiterin des Wanderkompetenzzentrums des Arbeits- und Ausbildungsf\u00f6rderungsverein Potsdam-Mittelmark e.V. haben die Urkunde in Stuttgart auf der CMT, der gr\u00f6\u00dften Urlaubs- und Tourismusmesse entgegengenommen. <\/p>\n\n\n\n<p>Der Burgenwanderweg hat eine Gesamtl\u00e4nge von 147 km und\nverbindet die vier Burgen im Hohen Fl\u00e4ming \u2013 Burg Eisenhardt, Schloss\nWiesenburg, Burg Rabenstein und die Bischofsresidenz Ziesar. Der Weg hat die\nneun Kern- und 23 Wahlkriterien erf\u00fcllt und bietet eine fast ausschlie\u00dflich\nnaturbelassene gute Begehbarkeit, eine korrekte und l\u00fcckenlose Beschilderung,\neine Anbindung an Bus und Bahn sowie Attraktionen in der Landschaft und am\nWegesrand wie die vier Burgen mit ihren Museen, Ausstellungen und\nEinkehrm\u00f6glichkeiten.<\/p>\n\n\n\n<p>Frau Straube und ihr Team sind ganzj\u00e4hrige auf den\nWanderwegen unterwegs, um zu kontrollieren, zu pflegen und zu reparieren oder\nauch neu zu gestalten, um so den st\u00e4ndig steigenden Anforderungen der Wanderer\ngerecht zu werden.<\/p>\n\n\n\n<p style=\"text-align:right\">Foto Quelle: A. Rosar \/ Deutscher Wanderverband <\/p>\n\n\n\t\t","protected":false},"excerpt":{"rendered":"<p>Nach der erstmaligen Verleihung 2010 hat der Burgenwanderweg nun schon zum vierten Mal das Qualit\u00e4tssiegel \u201eWanderbares Deutschland\u201c verliehen bekommen. Dietmar B\u00f6lke vom Fachdienst Wirtschaftsf\u00f6rderung, Tourismus und Regionalentwicklung des Landkreises, verantwortlich f\u00fcr das touristische Wegenetz und Petra Straube Leiterin des Wanderkompetenzzentrums des Arbeits- und Ausbildungsf\u00f6rderungsverein Potsdam-Mittelmark e.V. haben die Urkunde in Stuttgart auf der CMT, der [&hellip;]<\/p>\n","protected":false},"author":2,"featured_media":2663,"comment_status":"closed","ping_status":"closed","sticky":false,"template":"","format":"standard","meta":{"_et_pb_use_builder":"","_et_pb_old_content":"","_et_gb_content_width":""},"categories":[1],"tags":[],"yoast_head":"<!-- This site is optimized with the Yoast SEO plugin v19.14 - https:\/\/yoast.com\/wordpress\/plugins\/seo\/ -->\n<title>Qualit\u00e4tssiegel f\u00fcr den Burgenwanderweg - Archiv Soziale Arbeit Mittelmark<\/title>\n<meta name=\"description\" content=\"Petra Straube, Leiterin des Wanderkompetenzzentrums des AAfV-PM e.V., hat die Urkunde in Stuttgart auf der CMT entgegengenommen.\" \/>\n<meta name=\"robots\" content=\"index, follow, max-snippet:-1, max-image-preview:large, max-video-preview:-1\" \/>\n<link rel=\"canonical\" href=\"https:\/\/soziale-arbeit-mittelmark.de\/archiv\/2019\/01\/18\/qualitaetssiegel-fuer-den-burgenwanderweg\/\" \/>\n<meta property=\"og:locale\" content=\"de_DE\" \/>\n<meta property=\"og:type\" content=\"article\" \/>\n<meta property=\"og:title\" content=\"Qualit\u00e4tssiegel f\u00fcr den Burgenwanderweg - Archiv Soziale Arbeit Mittelmark\" \/>\n<meta property=\"og:description\" content=\"Petra Straube, Leiterin des Wanderkompetenzzentrums des AAfV-PM e.V., hat die Urkunde in Stuttgart auf der CMT entgegengenommen.\" \/>\n<meta property=\"og:url\" content=\"https:\/\/soziale-arbeit-mittelmark.de\/archiv\/2019\/01\/18\/qualitaetssiegel-fuer-den-burgenwanderweg\/\" \/>\n<meta property=\"og:site_name\" content=\"Archiv Soziale Arbeit Mittelmark\" \/>\n<meta property=\"article:published_time\" content=\"2019-01-18T11:46:54+00:00\" \/>\n<meta property=\"og:image\" content=\"https:\/\/soziale-arbeit-mittelmark.de\/archiv\/wp-content\/uploads\/2019\/01\/Stuttgart-12.01.2019-3-1.jpg\" \/>\n\t<meta property=\"og:image:width\" content=\"1280\" \/>\n\t<meta property=\"og:image:height\" content=\"853\" \/>\n\t<meta property=\"og:image:type\" content=\"image\/jpeg\" \/>\n<meta name=\"author\" content=\"Admin\" \/>\n<meta name=\"twitter:card\" content=\"summary_large_image\" \/>\n<meta name=\"twitter:label1\" content=\"Verfasst von\" \/>\n\t<meta name=\"twitter:data1\" content=\"Admin\" \/>\n\t<meta name=\"twitter:label2\" content=\"Gesch\u00e4tzte Lesezeit\" \/>\n\t<meta name=\"twitter:data2\" content=\"1\u00a0Minute\" \/>\n<script type=\"application\/ld+json\" class=\"yoast-schema-graph\">{\"@context\":\"https:\/\/schema.org\",\"@graph\":[{\"@type\":\"WebPage\",\"@id\":\"https:\/\/soziale-arbeit-mittelmark.de\/archiv\/2019\/01\/18\/qualitaetssiegel-fuer-den-burgenwanderweg\/\",\"url\":\"https:\/\/soziale-arbeit-mittelmark.de\/archiv\/2019\/01\/18\/qualitaetssiegel-fuer-den-burgenwanderweg\/\",\"name\":\"Qualit\u00e4tssiegel f\u00fcr den Burgenwanderweg - Archiv Soziale Arbeit Mittelmark\",\"isPartOf\":{\"@id\":\"https:\/\/soziale-arbeit-mittelmark.de\/archiv\/#website\"},\"datePublished\":\"2019-01-18T11:46:54+00:00\",\"dateModified\":\"2019-01-18T11:46:54+00:00\",\"author\":{\"@id\":\"https:\/\/soziale-arbeit-mittelmark.de\/archiv\/#\/schema\/person\/0fd25ff80a55307bad75fcb1f36f8927\"},\"description\":\"Petra Straube, Leiterin des Wanderkompetenzzentrums des AAfV-PM e.V., hat die Urkunde in Stuttgart auf der CMT entgegengenommen.\",\"breadcrumb\":{\"@id\":\"https:\/\/soziale-arbeit-mittelmark.de\/archiv\/2019\/01\/18\/qualitaetssiegel-fuer-den-burgenwanderweg\/#breadcrumb\"},\"inLanguage\":\"de\",\"potentialAction\":[{\"@type\":\"ReadAction\",\"target\":[\"https:\/\/soziale-arbeit-mittelmark.de\/archiv\/2019\/01\/18\/qualitaetssiegel-fuer-den-burgenwanderweg\/\"]}]},{\"@type\":\"BreadcrumbList\",\"@id\":\"https:\/\/soziale-arbeit-mittelmark.de\/archiv\/2019\/01\/18\/qualitaetssiegel-fuer-den-burgenwanderweg\/#breadcrumb\",\"itemListElement\":[{\"@type\":\"ListItem\",\"position\":1,\"name\":\"Startseite\",\"item\":\"https:\/\/soziale-arbeit-mittelmark.de\/archiv\/\"},{\"@type\":\"ListItem\",\"position\":2,\"name\":\"Qualit\u00e4tssiegel f\u00fcr den Burgenwanderweg\"}]},{\"@type\":\"WebSite\",\"@id\":\"https:\/\/soziale-arbeit-mittelmark.de\/archiv\/#website\",\"url\":\"https:\/\/soziale-arbeit-mittelmark.de\/archiv\/\",\"name\":\"Archiv Soziale Arbeit Mittelmark\",\"description\":\"Eine weitere WordPress-Website\",\"potentialAction\":[{\"@type\":\"SearchAction\",\"target\":{\"@type\":\"EntryPoint\",\"urlTemplate\":\"https:\/\/soziale-arbeit-mittelmark.de\/archiv\/?s={search_term_string}\"},\"query-input\":\"required name=search_term_string\"}],\"inLanguage\":\"de\"},{\"@type\":\"Person\",\"@id\":\"https:\/\/soziale-arbeit-mittelmark.de\/archiv\/#\/schema\/person\/0fd25ff80a55307bad75fcb1f36f8927\",\"name\":\"Admin\",\"image\":{\"@type\":\"ImageObject\",\"inLanguage\":\"de\",\"@id\":\"https:\/\/soziale-arbeit-mittelmark.de\/archiv\/#\/schema\/person\/image\/\",\"url\":\"https:\/\/secure.gravatar.com\/avatar\/?s=96&d=mm&r=g\",\"contentUrl\":\"https:\/\/secure.gravatar.com\/avatar\/?s=96&d=mm&r=g\",\"caption\":\"Admin\"},\"url\":\"https:\/\/soziale-arbeit-mittelmark.de\/archiv\/author\/admin\/\"}]}<\/script>\n<!-- \/ Yoast SEO plugin. -->","yoast_head_json":{"title":"Qualit\u00e4tssiegel f\u00fcr den Burgenwanderweg - Archiv Soziale Arbeit Mittelmark","description":"Petra Straube, Leiterin des Wanderkompetenzzentrums des AAfV-PM e.V., hat die Urkunde in Stuttgart auf der CMT entgegengenommen.","robots":{"index":"index","follow":"follow","max-snippet":"max-snippet:-1","max-image-preview":"max-image-preview:large","max-video-preview":"max-video-preview:-1"},"canonical":"https:\/\/soziale-arbeit-mittelmark.de\/archiv\/2019\/01\/18\/qualitaetssiegel-fuer-den-burgenwanderweg\/","og_locale":"de_DE","og_type":"article","og_title":"Qualit\u00e4tssiegel f\u00fcr den Burgenwanderweg - Archiv Soziale Arbeit Mittelmark","og_description":"Petra Straube, Leiterin des Wanderkompetenzzentrums des AAfV-PM e.V., hat die Urkunde in Stuttgart auf der CMT entgegengenommen.","og_url":"https:\/\/soziale-arbeit-mittelmark.de\/archiv\/2019\/01\/18\/qualitaetssiegel-fuer-den-burgenwanderweg\/","og_site_name":"Archiv Soziale Arbeit Mittelmark","article_published_time":"2019-01-18T11:46:54+00:00","og_image":[{"width":1280,"height":853,"url":"https:\/\/soziale-arbeit-mittelmark.de\/archiv\/wp-content\/uploads\/2019\/01\/Stuttgart-12.01.2019-3-1.jpg","type":"image\/jpeg"}],"author":"Admin","twitter_card":"summary_large_image","twitter_misc":{"Verfasst von":"Admin","Gesch\u00e4tzte Lesezeit":"1\u00a0Minute"},"schema":{"@context":"https:\/\/schema.org","@graph":[{"@type":"WebPage","@id":"https:\/\/soziale-arbeit-mittelmark.de\/archiv\/2019\/01\/18\/qualitaetssiegel-fuer-den-burgenwanderweg\/","url":"https:\/\/soziale-arbeit-mittelmark.de\/archiv\/2019\/01\/18\/qualitaetssiegel-fuer-den-burgenwanderweg\/","name":"Qualit\u00e4tssiegel f\u00fcr den Burgenwanderweg - Archiv Soziale Arbeit Mittelmark","isPartOf":{"@id":"https:\/\/soziale-arbeit-mittelmark.de\/archiv\/#website"},"datePublished":"2019-01-18T11:46:54+00:00","dateModified":"2019-01-18T11:46:54+00:00","author":{"@id":"https:\/\/soziale-arbeit-mittelmark.de\/archiv\/#\/schema\/person\/0fd25ff80a55307bad75fcb1f36f8927"},"description":"Petra Straube, Leiterin des Wanderkompetenzzentrums des AAfV-PM e.V., hat die Urkunde in Stuttgart auf der CMT entgegengenommen.","breadcrumb":{"@id":"https:\/\/soziale-arbeit-mittelmark.de\/archiv\/2019\/01\/18\/qualitaetssiegel-fuer-den-burgenwanderweg\/#breadcrumb"},"inLanguage":"de","potentialAction":[{"@type":"ReadAction","target":["https:\/\/soziale-arbeit-mittelmark.de\/archiv\/2019\/01\/18\/qualitaetssiegel-fuer-den-burgenwanderweg\/"]}]},{"@type":"BreadcrumbList","@id":"https:\/\/soziale-arbeit-mittelmark.de\/archiv\/2019\/01\/18\/qualitaetssiegel-fuer-den-burgenwanderweg\/#breadcrumb","itemListElement":[{"@type":"ListItem","position":1,"name":"Startseite","item":"https:\/\/soziale-arbeit-mittelmark.de\/archiv\/"},{"@type":"ListItem","position":2,"name":"Qualit\u00e4tssiegel f\u00fcr den Burgenwanderweg"}]},{"@type":"WebSite","@id":"https:\/\/soziale-arbeit-mittelmark.de\/archiv\/#website","url":"https:\/\/soziale-arbeit-mittelmark.de\/archiv\/","name":"Archiv Soziale Arbeit Mittelmark","description":"Eine weitere WordPress-Website","potentialAction":[{"@type":"SearchAction","target":{"@type":"EntryPoint","urlTemplate":"https:\/\/soziale-arbeit-mittelmark.de\/archiv\/?s={search_term_string}"},"query-input":"required name=search_term_string"}],"inLanguage":"de"},{"@type":"Person","@id":"https:\/\/soziale-arbeit-mittelmark.de\/archiv\/#\/schema\/person\/0fd25ff80a55307bad75fcb1f36f8927","name":"Admin","image":{"@type":"ImageObject","inLanguage":"de","@id":"https:\/\/soziale-arbeit-mittelmark.de\/archiv\/#\/schema\/person\/image\/","url":"https:\/\/secure.gravatar.com\/avatar\/?s=96&d=mm&r=g","contentUrl":"https:\/\/secure.gravatar.com\/avatar\/?s=96&d=mm&r=g","caption":"Admin"},"url":"https:\/\/soziale-arbeit-mittelmark.de\/archiv\/author\/admin\/"}]}},"_links":{"self":[{"href":"https:\/\/soziale-arbeit-mittelmark.de\/archiv\/wp-json\/wp\/v2\/posts\/2662"}],"collection":[{"href":"https:\/\/soziale-arbeit-mittelmark.de\/archiv\/wp-json\/wp\/v2\/posts"}],"about":[{"href":"https:\/\/soziale-arbeit-mittelmark.de\/archiv\/wp-json\/wp\/v2\/types\/post"}],"author":[{"embeddable":true,"href":"https:\/\/soziale-arbeit-mittelmark.de\/archiv\/wp-json\/wp\/v2\/users\/2"}],"replies":[{"embeddable":true,"href":"https:\/\/soziale-arbeit-mittelmark.de\/archiv\/wp-json\/wp\/v2\/comments?post=2662"}],"version-history":[{"count":0,"href":"https:\/\/soziale-arbeit-mittelmark.de\/archiv\/wp-json\/wp\/v2\/posts\/2662\/revisions"}],"wp:featuredmedia":[{"embeddable":true,"href":"https:\/\/soziale-arbeit-mittelmark.de\/archiv\/wp-json\/wp\/v2\/media\/2663"}],"wp:attachment":[{"href":"https:\/\/soziale-arbeit-mittelmark.de\/archiv\/wp-json\/wp\/v2\/media?parent=2662"}],"wp:term":[{"taxonomy":"category","embeddable":true,"href":"https:\/\/soziale-arbeit-mittelmark.de\/archiv\/wp-json\/wp\/v2\/categories?post=2662"},{"taxonomy":"post_tag","embeddable":true,"href":"https:\/\/soziale-arbeit-mittelmark.de\/archiv\/wp-json\/wp\/v2\/tags?post=2662"}],"curies":[{"name":"wp","href":"https:\/\/api.w.org\/{rel}","templated":true}]}}