{"id":2749,"date":"2019-03-22T12:15:35","date_gmt":"2019-03-22T11:15:35","guid":{"rendered":"https:\/\/www.aafv.de\/?p=2749"},"modified":"2019-03-22T12:15:35","modified_gmt":"2019-03-22T11:15:35","slug":"start-fuer-neuland-hoher-flaeming","status":"publish","type":"post","link":"https:\/\/soziale-arbeit-mittelmark.de\/archiv\/2019\/03\/22\/start-fuer-neuland-hoher-flaeming\/","title":{"rendered":"Start f\u00fcr Neuland &#8222;Hoher Fl\u00e4ming&#8220;"},"content":{"rendered":"\n\t\t\t\t\n<p>Der AAfV ist Projekttr\u00e4ger f\u00fcr eine neue Initiative, die Personen\nbegleiten, beraten und unterst\u00fctzen wird, die sich mit dem Gedanken tragen\n\u201eNeuland\u201c im Hohen Fl\u00e4ming zu betreten. Das k\u00f6nnen Menschen sein, die wieder\nzur\u00fcck in ihre alte Heimat kommen m\u00f6chten oder Menschen, die auf der Suche nach\neinem neuen Lebensmittelpunkt im l\u00e4ndlichen Raum sind. Daf\u00fcr wird es im Bahnhof\nWiesenburg einen Anlaufpunkt geben. Beraten wird dann zu allen Fragen die\npotentielle Zuz\u00fcgler bewegt, wie Kitas, Schulen, Arbeit, \u00d6PNV, kulturelle und\nsportliche Angebote. Und nat\u00fcrlich wird bei der Quartierssuche unterst\u00fctzt.\nZiel ist es vor allem den weichen Standortfaktor <strong><em>funktionierendes<\/em><\/strong> <strong><em>Miteinander\n<\/em><\/strong>zu st\u00e4rken. Daf\u00fcr m\u00f6chte das Projektteam auch sehr gern f\u00fcr\nEinheimische da sein \u2013 f\u00fcr m\u00f6gliche \u00c4ngste oder Konflikte mit den\n\u201eNeulanderoberern\u201c, aber auch um weitere Mitstreiter zur Unterst\u00fctzung der\nNeuank\u00f6mmlinge zu gewinnen.<\/p>\n\t\t","protected":false},"excerpt":{"rendered":"<p>Der AAfV ist Projekttr\u00e4ger f\u00fcr eine neue Initiative, die Personen begleiten, beraten und unterst\u00fctzen wird, die sich mit dem Gedanken tragen \u201eNeuland\u201c im Hohen Fl\u00e4ming zu betreten. Das k\u00f6nnen Menschen sein, die wieder zur\u00fcck in ihre alte Heimat kommen m\u00f6chten oder Menschen, die auf der Suche nach einem neuen Lebensmittelpunkt im l\u00e4ndlichen Raum sind. Daf\u00fcr [&hellip;]<\/p>\n","protected":false},"author":2,"featured_media":2752,"comment_status":"closed","ping_status":"closed","sticky":false,"template":"","format":"standard","meta":{"_et_pb_use_builder":"","_et_pb_old_content":"","_et_gb_content_width":""},"categories":[1],"tags":[],"yoast_head":"<!-- This site is optimized with the Yoast SEO plugin v19.14 - https:\/\/yoast.com\/wordpress\/plugins\/seo\/ -->\n<title>Start f\u00fcr Neuland &quot;Hoher Fl\u00e4ming&quot; - Archiv Soziale Arbeit Mittelmark<\/title>\n<meta name=\"description\" content=\"Der AAfV ist Projekttr\u00e4ger f\u00fcr eine neue Initiative, die Personen begleiten, beraten und unterst\u00fctzen wird, die sich mit dem Gedanken tragen...\" \/>\n<meta name=\"robots\" content=\"index, follow, max-snippet:-1, max-image-preview:large, max-video-preview:-1\" \/>\n<link rel=\"canonical\" href=\"https:\/\/soziale-arbeit-mittelmark.de\/archiv\/2019\/03\/22\/start-fuer-neuland-hoher-flaeming\/\" \/>\n<meta property=\"og:locale\" content=\"de_DE\" \/>\n<meta property=\"og:type\" content=\"article\" \/>\n<meta property=\"og:title\" content=\"Start f\u00fcr Neuland &quot;Hoher Fl\u00e4ming&quot; - Archiv Soziale Arbeit Mittelmark\" \/>\n<meta property=\"og:description\" content=\"Der AAfV ist Projekttr\u00e4ger f\u00fcr eine neue Initiative, die Personen begleiten, beraten und unterst\u00fctzen wird, die sich mit dem Gedanken tragen...\" \/>\n<meta property=\"og:url\" content=\"https:\/\/soziale-arbeit-mittelmark.de\/archiv\/2019\/03\/22\/start-fuer-neuland-hoher-flaeming\/\" \/>\n<meta property=\"og:site_name\" content=\"Archiv Soziale Arbeit Mittelmark\" \/>\n<meta property=\"article:published_time\" content=\"2019-03-22T11:15:35+00:00\" \/>\n<meta property=\"og:image\" content=\"https:\/\/soziale-arbeit-mittelmark.de\/archiv\/wp-content\/uploads\/2019\/03\/KeyVisual-hoch_Entschieden-fuer-die-Heimat-1.jpg\" \/>\n\t<meta property=\"og:image:width\" content=\"1444\" \/>\n\t<meta property=\"og:image:height\" content=\"2048\" \/>\n\t<meta property=\"og:image:type\" content=\"image\/jpeg\" \/>\n<meta name=\"author\" content=\"Admin\" \/>\n<meta name=\"twitter:card\" content=\"summary_large_image\" \/>\n<meta name=\"twitter:label1\" content=\"Verfasst von\" \/>\n\t<meta name=\"twitter:data1\" content=\"Admin\" \/>\n\t<meta name=\"twitter:label2\" content=\"Gesch\u00e4tzte Lesezeit\" \/>\n\t<meta name=\"twitter:data2\" content=\"1\u00a0Minute\" \/>\n<script type=\"application\/ld+json\" class=\"yoast-schema-graph\">{\"@context\":\"https:\/\/schema.org\",\"@graph\":[{\"@type\":\"WebPage\",\"@id\":\"https:\/\/soziale-arbeit-mittelmark.de\/archiv\/2019\/03\/22\/start-fuer-neuland-hoher-flaeming\/\",\"url\":\"https:\/\/soziale-arbeit-mittelmark.de\/archiv\/2019\/03\/22\/start-fuer-neuland-hoher-flaeming\/\",\"name\":\"Start f\u00fcr Neuland \\\"Hoher Fl\u00e4ming\\\" - Archiv Soziale Arbeit Mittelmark\",\"isPartOf\":{\"@id\":\"https:\/\/soziale-arbeit-mittelmark.de\/archiv\/#website\"},\"datePublished\":\"2019-03-22T11:15:35+00:00\",\"dateModified\":\"2019-03-22T11:15:35+00:00\",\"author\":{\"@id\":\"https:\/\/soziale-arbeit-mittelmark.de\/archiv\/#\/schema\/person\/0fd25ff80a55307bad75fcb1f36f8927\"},\"description\":\"Der AAfV ist Projekttr\u00e4ger f\u00fcr eine neue Initiative, die Personen begleiten, beraten und unterst\u00fctzen wird, die sich mit dem Gedanken tragen...\",\"breadcrumb\":{\"@id\":\"https:\/\/soziale-arbeit-mittelmark.de\/archiv\/2019\/03\/22\/start-fuer-neuland-hoher-flaeming\/#breadcrumb\"},\"inLanguage\":\"de\",\"potentialAction\":[{\"@type\":\"ReadAction\",\"target\":[\"https:\/\/soziale-arbeit-mittelmark.de\/archiv\/2019\/03\/22\/start-fuer-neuland-hoher-flaeming\/\"]}]},{\"@type\":\"BreadcrumbList\",\"@id\":\"https:\/\/soziale-arbeit-mittelmark.de\/archiv\/2019\/03\/22\/start-fuer-neuland-hoher-flaeming\/#breadcrumb\",\"itemListElement\":[{\"@type\":\"ListItem\",\"position\":1,\"name\":\"Startseite\",\"item\":\"https:\/\/soziale-arbeit-mittelmark.de\/archiv\/\"},{\"@type\":\"ListItem\",\"position\":2,\"name\":\"Start f\u00fcr Neuland &#8222;Hoher Fl\u00e4ming&#8220;\"}]},{\"@type\":\"WebSite\",\"@id\":\"https:\/\/soziale-arbeit-mittelmark.de\/archiv\/#website\",\"url\":\"https:\/\/soziale-arbeit-mittelmark.de\/archiv\/\",\"name\":\"Archiv Soziale Arbeit Mittelmark\",\"description\":\"Eine weitere WordPress-Website\",\"potentialAction\":[{\"@type\":\"SearchAction\",\"target\":{\"@type\":\"EntryPoint\",\"urlTemplate\":\"https:\/\/soziale-arbeit-mittelmark.de\/archiv\/?s={search_term_string}\"},\"query-input\":\"required name=search_term_string\"}],\"inLanguage\":\"de\"},{\"@type\":\"Person\",\"@id\":\"https:\/\/soziale-arbeit-mittelmark.de\/archiv\/#\/schema\/person\/0fd25ff80a55307bad75fcb1f36f8927\",\"name\":\"Admin\",\"image\":{\"@type\":\"ImageObject\",\"inLanguage\":\"de\",\"@id\":\"https:\/\/soziale-arbeit-mittelmark.de\/archiv\/#\/schema\/person\/image\/\",\"url\":\"https:\/\/secure.gravatar.com\/avatar\/?s=96&d=mm&r=g\",\"contentUrl\":\"https:\/\/secure.gravatar.com\/avatar\/?s=96&d=mm&r=g\",\"caption\":\"Admin\"},\"url\":\"https:\/\/soziale-arbeit-mittelmark.de\/archiv\/author\/admin\/\"}]}<\/script>\n<!-- \/ Yoast SEO plugin. -->","yoast_head_json":{"title":"Start f\u00fcr Neuland \"Hoher Fl\u00e4ming\" - Archiv Soziale Arbeit Mittelmark","description":"Der AAfV ist Projekttr\u00e4ger f\u00fcr eine neue Initiative, die Personen begleiten, beraten und unterst\u00fctzen wird, die sich mit dem Gedanken tragen...","robots":{"index":"index","follow":"follow","max-snippet":"max-snippet:-1","max-image-preview":"max-image-preview:large","max-video-preview":"max-video-preview:-1"},"canonical":"https:\/\/soziale-arbeit-mittelmark.de\/archiv\/2019\/03\/22\/start-fuer-neuland-hoher-flaeming\/","og_locale":"de_DE","og_type":"article","og_title":"Start f\u00fcr Neuland \"Hoher Fl\u00e4ming\" - Archiv Soziale Arbeit Mittelmark","og_description":"Der AAfV ist Projekttr\u00e4ger f\u00fcr eine neue Initiative, die Personen begleiten, beraten und unterst\u00fctzen wird, die sich mit dem Gedanken tragen...","og_url":"https:\/\/soziale-arbeit-mittelmark.de\/archiv\/2019\/03\/22\/start-fuer-neuland-hoher-flaeming\/","og_site_name":"Archiv Soziale Arbeit Mittelmark","article_published_time":"2019-03-22T11:15:35+00:00","og_image":[{"width":1444,"height":2048,"url":"https:\/\/soziale-arbeit-mittelmark.de\/archiv\/wp-content\/uploads\/2019\/03\/KeyVisual-hoch_Entschieden-fuer-die-Heimat-1.jpg","type":"image\/jpeg"}],"author":"Admin","twitter_card":"summary_large_image","twitter_misc":{"Verfasst von":"Admin","Gesch\u00e4tzte Lesezeit":"1\u00a0Minute"},"schema":{"@context":"https:\/\/schema.org","@graph":[{"@type":"WebPage","@id":"https:\/\/soziale-arbeit-mittelmark.de\/archiv\/2019\/03\/22\/start-fuer-neuland-hoher-flaeming\/","url":"https:\/\/soziale-arbeit-mittelmark.de\/archiv\/2019\/03\/22\/start-fuer-neuland-hoher-flaeming\/","name":"Start f\u00fcr Neuland \"Hoher Fl\u00e4ming\" - Archiv Soziale Arbeit Mittelmark","isPartOf":{"@id":"https:\/\/soziale-arbeit-mittelmark.de\/archiv\/#website"},"datePublished":"2019-03-22T11:15:35+00:00","dateModified":"2019-03-22T11:15:35+00:00","author":{"@id":"https:\/\/soziale-arbeit-mittelmark.de\/archiv\/#\/schema\/person\/0fd25ff80a55307bad75fcb1f36f8927"},"description":"Der AAfV ist Projekttr\u00e4ger f\u00fcr eine neue Initiative, die Personen begleiten, beraten und unterst\u00fctzen wird, die sich mit dem Gedanken tragen...","breadcrumb":{"@id":"https:\/\/soziale-arbeit-mittelmark.de\/archiv\/2019\/03\/22\/start-fuer-neuland-hoher-flaeming\/#breadcrumb"},"inLanguage":"de","potentialAction":[{"@type":"ReadAction","target":["https:\/\/soziale-arbeit-mittelmark.de\/archiv\/2019\/03\/22\/start-fuer-neuland-hoher-flaeming\/"]}]},{"@type":"BreadcrumbList","@id":"https:\/\/soziale-arbeit-mittelmark.de\/archiv\/2019\/03\/22\/start-fuer-neuland-hoher-flaeming\/#breadcrumb","itemListElement":[{"@type":"ListItem","position":1,"name":"Startseite","item":"https:\/\/soziale-arbeit-mittelmark.de\/archiv\/"},{"@type":"ListItem","position":2,"name":"Start f\u00fcr Neuland &#8222;Hoher Fl\u00e4ming&#8220;"}]},{"@type":"WebSite","@id":"https:\/\/soziale-arbeit-mittelmark.de\/archiv\/#website","url":"https:\/\/soziale-arbeit-mittelmark.de\/archiv\/","name":"Archiv Soziale Arbeit Mittelmark","description":"Eine weitere WordPress-Website","potentialAction":[{"@type":"SearchAction","target":{"@type":"EntryPoint","urlTemplate":"https:\/\/soziale-arbeit-mittelmark.de\/archiv\/?s={search_term_string}"},"query-input":"required name=search_term_string"}],"inLanguage":"de"},{"@type":"Person","@id":"https:\/\/soziale-arbeit-mittelmark.de\/archiv\/#\/schema\/person\/0fd25ff80a55307bad75fcb1f36f8927","name":"Admin","image":{"@type":"ImageObject","inLanguage":"de","@id":"https:\/\/soziale-arbeit-mittelmark.de\/archiv\/#\/schema\/person\/image\/","url":"https:\/\/secure.gravatar.com\/avatar\/?s=96&d=mm&r=g","contentUrl":"https:\/\/secure.gravatar.com\/avatar\/?s=96&d=mm&r=g","caption":"Admin"},"url":"https:\/\/soziale-arbeit-mittelmark.de\/archiv\/author\/admin\/"}]}},"_links":{"self":[{"href":"https:\/\/soziale-arbeit-mittelmark.de\/archiv\/wp-json\/wp\/v2\/posts\/2749"}],"collection":[{"href":"https:\/\/soziale-arbeit-mittelmark.de\/archiv\/wp-json\/wp\/v2\/posts"}],"about":[{"href":"https:\/\/soziale-arbeit-mittelmark.de\/archiv\/wp-json\/wp\/v2\/types\/post"}],"author":[{"embeddable":true,"href":"https:\/\/soziale-arbeit-mittelmark.de\/archiv\/wp-json\/wp\/v2\/users\/2"}],"replies":[{"embeddable":true,"href":"https:\/\/soziale-arbeit-mittelmark.de\/archiv\/wp-json\/wp\/v2\/comments?post=2749"}],"version-history":[{"count":0,"href":"https:\/\/soziale-arbeit-mittelmark.de\/archiv\/wp-json\/wp\/v2\/posts\/2749\/revisions"}],"wp:featuredmedia":[{"embeddable":true,"href":"https:\/\/soziale-arbeit-mittelmark.de\/archiv\/wp-json\/wp\/v2\/media\/2752"}],"wp:attachment":[{"href":"https:\/\/soziale-arbeit-mittelmark.de\/archiv\/wp-json\/wp\/v2\/media?parent=2749"}],"wp:term":[{"taxonomy":"category","embeddable":true,"href":"https:\/\/soziale-arbeit-mittelmark.de\/archiv\/wp-json\/wp\/v2\/categories?post=2749"},{"taxonomy":"post_tag","embeddable":true,"href":"https:\/\/soziale-arbeit-mittelmark.de\/archiv\/wp-json\/wp\/v2\/tags?post=2749"}],"curies":[{"name":"wp","href":"https:\/\/api.w.org\/{rel}","templated":true}]}}