{"id":99,"date":"2011-01-26T08:19:28","date_gmt":"2011-01-26T07:19:28","guid":{"rendered":"http:\/\/wp.aafv.de\/2010\/09\/22\/maz-260120112\/"},"modified":"2011-01-26T08:19:28","modified_gmt":"2011-01-26T07:19:28","slug":"maz-260120112","status":"publish","type":"post","link":"https:\/\/soziale-arbeit-mittelmark.de\/archiv\/2011\/01\/26\/maz-260120112\/","title":{"rendered":"TOURISMUS: 2200 Markierungen geben Orientierung"},"content":{"rendered":"<h3>TOURISMUS: 2200 Markierungen geben Orientierung<\/h3>\n<h2>\u201eKleeblattrouten&#8220; neben dem Burgenwanderweg und Terrainkurwege (fast) fertig ausgewiesen<\/h2>\n<p>KUHLOWITZ &#8211; Ein Jahr vor dem Deutschen Wandertag 2012 im Hohen Fl\u00e4ming sind die sogenannten Kleeblattrouten buchst\u00e4blich auf den Weg gebracht worden. Manchem d\u00fcrften bereits die etwa 2200 Markierungen aufgefallen sein, die an hiesigen B\u00e4umen in flei\u00dfiger Handarbeit angebracht worden sind. Sie leiten sich vom Logo des zertifizierten Burgenwanderweges ab.<\/p>\n<p>Vier Mitarbeiter des Arbeits- und Ausbildungsf\u00f6rderungsvereins Potsdam-Mittelmark haben seit Mai vergangenen Jahres die Kennzeichnung erledigt. Zuvor haben sie die Wege von Unrat ber\u00e4umt und von Bewuchs befreit. Allerdings hat der fr\u00fchzeitige Wintereinbruch einen Strich durch ihre Rechnung gemacht. So konnten die Arbeiten im Raum Raben nicht mehr ganz abgeschlossen werden. Denn das Besch\u00e4ftigungsprojekt \u2013 finanziert von Kreisverwaltung Potsdam-Mittelmark sowie Mittelm\u00e4rkischer Agentur zur Integration in Arbeit (Maia) \u2013 geht dieser Tage zu Ende. Das hat Koordinatorin Petra Straube mitgeteilt.<\/p>\n<p>Schon von April an hatten drei Kollegen zun\u00e4chst die theoretische Grundlage f\u00fcr die Herstellung des Wegenetzes geschaffen. Geschult vom Deutschen Wanderverband, die Erfahrungen von der Ausweisung des Burgenwanderweges nutzend und mit dem Bad Belziger Landschaftsarchitektenb\u00fcro von Gunnar Lange kooperierend konnten Pl\u00e4ne f\u00fcr die Beschilderung der insgesamt 37 Rundwanderwege erarbeitet werden. \u201eEs war eine Sisyphusarbeit. Aber mit Ausdauer ist sie geschafft worden&#8220;, berichtete die 52-j\u00e4hrige Fachfrau aus Reetz der MAZ-Lokalredaktion. \u201eEtwa 700 Schilder f\u00fcr 270 Wegweiser wurden entwickelt. Ein kleiner Bonus war die Suche nach Standorten f\u00fcr B\u00e4nke und Rastpl\u00e4tze.&#8220;<\/p>\n<p>Eine weitere Aufgabe des Septetts war das Aufstellen der Weg- und Zwischenwegweiser auf den Terrainkurwegen in der Kur- und Kreisstadt sowie am internationalen Kunstwanderweg zwischen Bad Belzig und Wiesenburg. Bis November waren alle 180 Fundamente mit H-Eisen gesetzt. Dann stoppten ebenfalls Eis und Schnee den Fortgang des Vorhabens. Darum wurden in der Kuhlowitzer Werkstatt die Pfosten vorbereitet, so dass sie nur noch montiert werden m\u00fcssen. Tats\u00e4chlich sind seit Jahresbeginn die ersten Zwischenwegweiser in der Umgebung aufgestellt. Die restlichen Arbeiten sollen in den n\u00e4chsten Monaten abgeschlossen werden, erkl\u00e4rt Petra Straube.<\/p>\n<p>Sie glaubt, dass die Beteiligten nicht nur zu mehr Attraktivit\u00e4t des Landstrichs f\u00fcr Wanderer und Kurg\u00e4ste beigetragen haben. Vielmehr sei es f\u00fcr die Truppe eine interessante Herausforderung gewesen, die Identit\u00e4t gestiftet und Selbstvertrauen geschaffen habe. (MAZ)<\/p>\n<p>&#8211; M\u00e4rkische Allgemeine-2 26. Januar 2011\t\t<\/p>\n","protected":false},"excerpt":{"rendered":"<p>TOURISMUS: 2200 Markierungen geben Orientierung \u201eKleeblattrouten&#8220; neben dem Burgenwanderweg und Terrainkurwege (fast) fertig ausgewiesen KUHLOWITZ &#8211; Ein Jahr vor dem Deutschen Wandertag 2012 im Hohen Fl\u00e4ming sind die sogenannten Kleeblattrouten buchst\u00e4blich auf den Weg gebracht worden. Manchem d\u00fcrften bereits die etwa 2200 Markierungen aufgefallen sein, die an hiesigen B\u00e4umen in flei\u00dfiger Handarbeit angebracht worden sind. [&hellip;]<\/p>\n","protected":false},"author":2,"featured_media":0,"comment_status":"open","ping_status":"open","sticky":false,"template":"","format":"standard","meta":{"_et_pb_use_builder":"","_et_pb_old_content":"","_et_gb_content_width":""},"categories":[2],"tags":[],"yoast_head":"<!-- This site is optimized with the Yoast SEO plugin v19.14 - https:\/\/yoast.com\/wordpress\/plugins\/seo\/ -->\n<title>TOURISMUS: 2200 Markierungen geben Orientierung - Archiv Soziale Arbeit Mittelmark<\/title>\n<meta name=\"robots\" content=\"index, follow, max-snippet:-1, max-image-preview:large, max-video-preview:-1\" \/>\n<link rel=\"canonical\" href=\"https:\/\/soziale-arbeit-mittelmark.de\/archiv\/2011\/01\/26\/maz-260120112\/\" \/>\n<meta property=\"og:locale\" content=\"de_DE\" \/>\n<meta property=\"og:type\" content=\"article\" \/>\n<meta property=\"og:title\" content=\"TOURISMUS: 2200 Markierungen geben Orientierung - Archiv Soziale Arbeit Mittelmark\" \/>\n<meta property=\"og:description\" content=\"TOURISMUS: 2200 Markierungen geben Orientierung \u201eKleeblattrouten&#8220; neben dem Burgenwanderweg und Terrainkurwege (fast) fertig ausgewiesen KUHLOWITZ &#8211; Ein Jahr vor dem Deutschen Wandertag 2012 im Hohen Fl\u00e4ming sind die sogenannten Kleeblattrouten buchst\u00e4blich auf den Weg gebracht worden. Manchem d\u00fcrften bereits die etwa 2200 Markierungen aufgefallen sein, die an hiesigen B\u00e4umen in flei\u00dfiger Handarbeit angebracht worden sind. [&hellip;]\" \/>\n<meta property=\"og:url\" content=\"https:\/\/soziale-arbeit-mittelmark.de\/archiv\/2011\/01\/26\/maz-260120112\/\" \/>\n<meta property=\"og:site_name\" content=\"Archiv Soziale Arbeit Mittelmark\" \/>\n<meta property=\"article:published_time\" content=\"2011-01-26T07:19:28+00:00\" \/>\n<meta name=\"author\" content=\"Admin\" \/>\n<meta name=\"twitter:card\" content=\"summary_large_image\" \/>\n<meta name=\"twitter:label1\" content=\"Verfasst von\" \/>\n\t<meta name=\"twitter:data1\" content=\"Admin\" \/>\n\t<meta name=\"twitter:label2\" content=\"Gesch\u00e4tzte Lesezeit\" \/>\n\t<meta name=\"twitter:data2\" content=\"2\u00a0Minuten\" \/>\n<script type=\"application\/ld+json\" class=\"yoast-schema-graph\">{\"@context\":\"https:\/\/schema.org\",\"@graph\":[{\"@type\":\"WebPage\",\"@id\":\"https:\/\/soziale-arbeit-mittelmark.de\/archiv\/2011\/01\/26\/maz-260120112\/\",\"url\":\"https:\/\/soziale-arbeit-mittelmark.de\/archiv\/2011\/01\/26\/maz-260120112\/\",\"name\":\"TOURISMUS: 2200 Markierungen geben Orientierung - Archiv Soziale Arbeit Mittelmark\",\"isPartOf\":{\"@id\":\"https:\/\/soziale-arbeit-mittelmark.de\/archiv\/#website\"},\"datePublished\":\"2011-01-26T07:19:28+00:00\",\"dateModified\":\"2011-01-26T07:19:28+00:00\",\"author\":{\"@id\":\"https:\/\/soziale-arbeit-mittelmark.de\/archiv\/#\/schema\/person\/0fd25ff80a55307bad75fcb1f36f8927\"},\"breadcrumb\":{\"@id\":\"https:\/\/soziale-arbeit-mittelmark.de\/archiv\/2011\/01\/26\/maz-260120112\/#breadcrumb\"},\"inLanguage\":\"de\",\"potentialAction\":[{\"@type\":\"ReadAction\",\"target\":[\"https:\/\/soziale-arbeit-mittelmark.de\/archiv\/2011\/01\/26\/maz-260120112\/\"]}]},{\"@type\":\"BreadcrumbList\",\"@id\":\"https:\/\/soziale-arbeit-mittelmark.de\/archiv\/2011\/01\/26\/maz-260120112\/#breadcrumb\",\"itemListElement\":[{\"@type\":\"ListItem\",\"position\":1,\"name\":\"Startseite\",\"item\":\"https:\/\/soziale-arbeit-mittelmark.de\/archiv\/\"},{\"@type\":\"ListItem\",\"position\":2,\"name\":\"TOURISMUS: 2200 Markierungen geben Orientierung\"}]},{\"@type\":\"WebSite\",\"@id\":\"https:\/\/soziale-arbeit-mittelmark.de\/archiv\/#website\",\"url\":\"https:\/\/soziale-arbeit-mittelmark.de\/archiv\/\",\"name\":\"Archiv Soziale Arbeit Mittelmark\",\"description\":\"Eine weitere WordPress-Website\",\"potentialAction\":[{\"@type\":\"SearchAction\",\"target\":{\"@type\":\"EntryPoint\",\"urlTemplate\":\"https:\/\/soziale-arbeit-mittelmark.de\/archiv\/?s={search_term_string}\"},\"query-input\":\"required name=search_term_string\"}],\"inLanguage\":\"de\"},{\"@type\":\"Person\",\"@id\":\"https:\/\/soziale-arbeit-mittelmark.de\/archiv\/#\/schema\/person\/0fd25ff80a55307bad75fcb1f36f8927\",\"name\":\"Admin\",\"image\":{\"@type\":\"ImageObject\",\"inLanguage\":\"de\",\"@id\":\"https:\/\/soziale-arbeit-mittelmark.de\/archiv\/#\/schema\/person\/image\/\",\"url\":\"https:\/\/secure.gravatar.com\/avatar\/?s=96&d=mm&r=g\",\"contentUrl\":\"https:\/\/secure.gravatar.com\/avatar\/?s=96&d=mm&r=g\",\"caption\":\"Admin\"},\"url\":\"https:\/\/soziale-arbeit-mittelmark.de\/archiv\/author\/admin\/\"}]}<\/script>\n<!-- \/ Yoast SEO plugin. -->","yoast_head_json":{"title":"TOURISMUS: 2200 Markierungen geben Orientierung - Archiv Soziale Arbeit Mittelmark","robots":{"index":"index","follow":"follow","max-snippet":"max-snippet:-1","max-image-preview":"max-image-preview:large","max-video-preview":"max-video-preview:-1"},"canonical":"https:\/\/soziale-arbeit-mittelmark.de\/archiv\/2011\/01\/26\/maz-260120112\/","og_locale":"de_DE","og_type":"article","og_title":"TOURISMUS: 2200 Markierungen geben Orientierung - Archiv Soziale Arbeit Mittelmark","og_description":"TOURISMUS: 2200 Markierungen geben Orientierung \u201eKleeblattrouten&#8220; neben dem Burgenwanderweg und Terrainkurwege (fast) fertig ausgewiesen KUHLOWITZ &#8211; Ein Jahr vor dem Deutschen Wandertag 2012 im Hohen Fl\u00e4ming sind die sogenannten Kleeblattrouten buchst\u00e4blich auf den Weg gebracht worden. Manchem d\u00fcrften bereits die etwa 2200 Markierungen aufgefallen sein, die an hiesigen B\u00e4umen in flei\u00dfiger Handarbeit angebracht worden sind. [&hellip;]","og_url":"https:\/\/soziale-arbeit-mittelmark.de\/archiv\/2011\/01\/26\/maz-260120112\/","og_site_name":"Archiv Soziale Arbeit Mittelmark","article_published_time":"2011-01-26T07:19:28+00:00","author":"Admin","twitter_card":"summary_large_image","twitter_misc":{"Verfasst von":"Admin","Gesch\u00e4tzte Lesezeit":"2\u00a0Minuten"},"schema":{"@context":"https:\/\/schema.org","@graph":[{"@type":"WebPage","@id":"https:\/\/soziale-arbeit-mittelmark.de\/archiv\/2011\/01\/26\/maz-260120112\/","url":"https:\/\/soziale-arbeit-mittelmark.de\/archiv\/2011\/01\/26\/maz-260120112\/","name":"TOURISMUS: 2200 Markierungen geben Orientierung - Archiv Soziale Arbeit Mittelmark","isPartOf":{"@id":"https:\/\/soziale-arbeit-mittelmark.de\/archiv\/#website"},"datePublished":"2011-01-26T07:19:28+00:00","dateModified":"2011-01-26T07:19:28+00:00","author":{"@id":"https:\/\/soziale-arbeit-mittelmark.de\/archiv\/#\/schema\/person\/0fd25ff80a55307bad75fcb1f36f8927"},"breadcrumb":{"@id":"https:\/\/soziale-arbeit-mittelmark.de\/archiv\/2011\/01\/26\/maz-260120112\/#breadcrumb"},"inLanguage":"de","potentialAction":[{"@type":"ReadAction","target":["https:\/\/soziale-arbeit-mittelmark.de\/archiv\/2011\/01\/26\/maz-260120112\/"]}]},{"@type":"BreadcrumbList","@id":"https:\/\/soziale-arbeit-mittelmark.de\/archiv\/2011\/01\/26\/maz-260120112\/#breadcrumb","itemListElement":[{"@type":"ListItem","position":1,"name":"Startseite","item":"https:\/\/soziale-arbeit-mittelmark.de\/archiv\/"},{"@type":"ListItem","position":2,"name":"TOURISMUS: 2200 Markierungen geben Orientierung"}]},{"@type":"WebSite","@id":"https:\/\/soziale-arbeit-mittelmark.de\/archiv\/#website","url":"https:\/\/soziale-arbeit-mittelmark.de\/archiv\/","name":"Archiv Soziale Arbeit Mittelmark","description":"Eine weitere WordPress-Website","potentialAction":[{"@type":"SearchAction","target":{"@type":"EntryPoint","urlTemplate":"https:\/\/soziale-arbeit-mittelmark.de\/archiv\/?s={search_term_string}"},"query-input":"required name=search_term_string"}],"inLanguage":"de"},{"@type":"Person","@id":"https:\/\/soziale-arbeit-mittelmark.de\/archiv\/#\/schema\/person\/0fd25ff80a55307bad75fcb1f36f8927","name":"Admin","image":{"@type":"ImageObject","inLanguage":"de","@id":"https:\/\/soziale-arbeit-mittelmark.de\/archiv\/#\/schema\/person\/image\/","url":"https:\/\/secure.gravatar.com\/avatar\/?s=96&d=mm&r=g","contentUrl":"https:\/\/secure.gravatar.com\/avatar\/?s=96&d=mm&r=g","caption":"Admin"},"url":"https:\/\/soziale-arbeit-mittelmark.de\/archiv\/author\/admin\/"}]}},"_links":{"self":[{"href":"https:\/\/soziale-arbeit-mittelmark.de\/archiv\/wp-json\/wp\/v2\/posts\/99"}],"collection":[{"href":"https:\/\/soziale-arbeit-mittelmark.de\/archiv\/wp-json\/wp\/v2\/posts"}],"about":[{"href":"https:\/\/soziale-arbeit-mittelmark.de\/archiv\/wp-json\/wp\/v2\/types\/post"}],"author":[{"embeddable":true,"href":"https:\/\/soziale-arbeit-mittelmark.de\/archiv\/wp-json\/wp\/v2\/users\/2"}],"replies":[{"embeddable":true,"href":"https:\/\/soziale-arbeit-mittelmark.de\/archiv\/wp-json\/wp\/v2\/comments?post=99"}],"version-history":[{"count":0,"href":"https:\/\/soziale-arbeit-mittelmark.de\/archiv\/wp-json\/wp\/v2\/posts\/99\/revisions"}],"wp:attachment":[{"href":"https:\/\/soziale-arbeit-mittelmark.de\/archiv\/wp-json\/wp\/v2\/media?parent=99"}],"wp:term":[{"taxonomy":"category","embeddable":true,"href":"https:\/\/soziale-arbeit-mittelmark.de\/archiv\/wp-json\/wp\/v2\/categories?post=99"},{"taxonomy":"post_tag","embeddable":true,"href":"https:\/\/soziale-arbeit-mittelmark.de\/archiv\/wp-json\/wp\/v2\/tags?post=99"}],"curies":[{"name":"wp","href":"https:\/\/api.w.org\/{rel}","templated":true}]}}